{"id":61886,"date":"2018-12-06T17:11:13","date_gmt":"2018-12-06T19:11:13","guid":{"rendered":"http:\/\/pdt-rj.org.br\/?p=61886"},"modified":"2018-12-06T17:42:35","modified_gmt":"2018-12-06T19:42:35","slug":"aprovado-projeto-de-weverton-rocha-que-preve-exame-de-ecocardiograma-fetal-em-gestantes","status":"publish","type":"post","link":"https:\/\/pdt-rj.org.br\/index.php\/aprovado-projeto-de-weverton-rocha-que-preve-exame-de-ecocardiograma-fetal-em-gestantes\/","title":{"rendered":"Aprovado projeto de Weverton Rocha que prev\u00ea exame de ecocardiograma fetal em gestantes"},"content":{"rendered":"<p>O Plen\u00e1rio da C\u00e2mara dos Deputados aprovou nessa ter\u00e7a-feira (4) o projeto de lei do deputado Weverton Rocha (PDT-MA), que inclui o ecocardiograma fetal no per\u00edodo do pr\u00e9-natal entre os exames a serem oferecidos pelo Sistema \u00danico de Sa\u00fade (SUS). A mat\u00e9ria segue agora para o Senado.<\/p>\n<p>Atualmente o ecocardiograma fetal, que detecta malforma\u00e7\u00e3o no cora\u00e7\u00e3o do feto, tem sido indicado apenas para gestantes em que o risco para o feto \u00e9 maior, como em diab\u00e9ticas, hipertensas e mulheres que utilizam medicamentos, ou ainda quando h\u00e1 suspeita de altera\u00e7\u00e3o gen\u00e9tica, como a S\u00edndrome de Down. Caso o projeto se torne lei, o exame poder\u00e1 ser solicitado em outras situa\u00e7\u00f5es de acordo com a avalia\u00e7\u00e3o do m\u00e9dico.<\/p>\n<p>O deputado Weverton explica ainda que fora dessa indica\u00e7\u00e3o, o exame est\u00e1 dispon\u00edvel apenas em hospitais e cl\u00ednicas particulares. &#8220;Pode custar de R$ 250 a R$ 600, um valor muito alto para a maioria dos brasileiros\u201d. Segundo estudos, a mortalidade de crian\u00e7as pode ser reduzida em at\u00e9 10% se os problemas forem detectados cedo por exame. No pr\u00f3ximo ano estarei no Senado e trabalharei para que este projeto seja aprovado l\u00e1 e se torne lei\u201d, afirmou Weverton\u201d.<\/p>\n<p>O projeto foi aprovado na forma do\u00a0substitutivo\u00a0da relatora, deputada Professora Dorinha (DEM-TO), e incorporou a ideia do projeto do deputado Dr. Sinval Malheiros (Pode-SP), para tornar dispon\u00edvel tamb\u00e9m o exame de ultrassonografia transvaginal por duas vezes durante o primeiro quadrimestre da gravidez.<\/p>\n<!-- AddThis Advanced Settings generic via filter on the_content --><!-- AddThis Share Buttons generic via filter on the_content -->","protected":false},"excerpt":{"rendered":"<p>O Plen\u00e1rio da C\u00e2mara dos Deputados aprovou nessa ter\u00e7a-feira (4) o projeto de lei do deputado Weverton Rocha (PDT-MA), que inclui o ecocardiograma fetal no per\u00edodo do pr\u00e9-natal entre os exames a serem oferecidos pelo Sistema \u00danico de Sa\u00fade (SUS). A mat\u00e9ria segue agora para o Senado. Atualmente o ecocardiograma fetal, que detecta malforma\u00e7\u00e3o no&#8230;<!-- AddThis Advanced Settings generic via filter on wp_trim_excerpt --><!-- AddThis Share Buttons generic via filter on wp_trim_excerpt --><\/p>\n","protected":false},"author":17,"featured_media":61887,"comment_status":"closed","ping_status":"closed","sticky":false,"template":"","format":"standard","meta":{"_monsterinsights_skip_tracking":false,"_monsterinsights_sitenote_active":false,"_monsterinsights_sitenote_note":"","_monsterinsights_sitenote_category":0,"_uf_show_specific_survey":0,"_uf_disable_surveys":false,"footnotes":""},"categories":[1390,1459],"tags":[3173,1340,962],"class_list":["post-61886","post","type-post","status-publish","format-standard","has-post-thumbnail","hentry","category-editorias","category-congresso","tag-ecocardiograma-fetal","tag-sistema-unico-de-saude","tag-weverton-rocha"],"acf":[],"_links":{"self":[{"href":"https:\/\/pdt-rj.org.br\/index.php\/wp-json\/wp\/v2\/posts\/61886","targetHints":{"allow":["GET"]}}],"collection":[{"href":"https:\/\/pdt-rj.org.br\/index.php\/wp-json\/wp\/v2\/posts"}],"about":[{"href":"https:\/\/pdt-rj.org.br\/index.php\/wp-json\/wp\/v2\/types\/post"}],"author":[{"embeddable":true,"href":"https:\/\/pdt-rj.org.br\/index.php\/wp-json\/wp\/v2\/users\/17"}],"replies":[{"embeddable":true,"href":"https:\/\/pdt-rj.org.br\/index.php\/wp-json\/wp\/v2\/comments?post=61886"}],"version-history":[{"count":2,"href":"https:\/\/pdt-rj.org.br\/index.php\/wp-json\/wp\/v2\/posts\/61886\/revisions"}],"predecessor-version":[{"id":61889,"href":"https:\/\/pdt-rj.org.br\/index.php\/wp-json\/wp\/v2\/posts\/61886\/revisions\/61889"}],"wp:featuredmedia":[{"embeddable":true,"href":"https:\/\/pdt-rj.org.br\/index.php\/wp-json\/wp\/v2\/media\/61887"}],"wp:attachment":[{"href":"https:\/\/pdt-rj.org.br\/index.php\/wp-json\/wp\/v2\/media?parent=61886"}],"wp:term":[{"taxonomy":"category","embeddable":true,"href":"https:\/\/pdt-rj.org.br\/index.php\/wp-json\/wp\/v2\/categories?post=61886"},{"taxonomy":"post_tag","embeddable":true,"href":"https:\/\/pdt-rj.org.br\/index.php\/wp-json\/wp\/v2\/tags?post=61886"}],"curies":[{"name":"wp","href":"https:\/\/api.w.org\/{rel}","templated":true}]}}