{"id":61859,"date":"2018-12-03T19:59:25","date_gmt":"2018-12-03T21:59:25","guid":{"rendered":"http:\/\/pdt-rj.org.br\/?p=61859"},"modified":"2018-12-08T14:13:40","modified_gmt":"2018-12-08T16:13:40","slug":"no-rio-pdt-de-portas-abertas-lanca-modelo-inovador-de-acolhimento-de-novos-filiados","status":"publish","type":"post","link":"https:\/\/pdt-rj.org.br\/index.php\/no-rio-pdt-de-portas-abertas-lanca-modelo-inovador-de-acolhimento-de-novos-filiados\/","title":{"rendered":"No Rio, &#8220;PDT de Portas Abertas&#8221; lan\u00e7a modelo inovador de acolhimento a novos filiados"},"content":{"rendered":"<p>No \u00faltimo s\u00e1bado (1), aconteceu a primeira edi\u00e7\u00e3o do \u201cPDT de Portas Abertas\u201d na Funda\u00e7\u00e3o Leonel Brizola \u2013 Alberto Pasqualini (FLB-AP). O evento foi prestigiado pelo presidente nacional do PDT, Carlos Lupi, e pela deputada estadual reeleita Martha Rocha, dentre outros convidados.\u00a0 A iniciativa da Juventude Socialista (JS) e da FLB\/Rio de Janeiro tem como objetivo apresentar a ideologia do partido aos que pensam em se filiar e aos j\u00e1 filiados que ainda n\u00e3o participam ativamente.<\/p>\n<p>Na ocasi\u00e3o, foi presentado um filme sobre a hist\u00f3ria da Consolida\u00e7\u00e3o das Leis Trabalhista (CLT), produzido pela Funda\u00e7\u00e3o.\u00a0Na sequ\u00eancia, foram debatidos temas: momento pol\u00edtico atual, elei\u00e7\u00f5es municipais de 2020, a candidatura de Ciro Gomes para presidente em 2022 e o projeto PDT Digital (plataforma digital em desenvolvimento) que tem como objetivo democratizar as informa\u00e7\u00f5es e a intera\u00e7\u00e3o com os filiados de todo Brasil.<\/p>\n<p>A deputada Martha Rocha fez uma reflex\u00e3o sobre a conjuntura atual do Pa\u00eds e a insatisfa\u00e7\u00e3o popular com os pol\u00edticos, citando o \u201cPacote de Maldade\u201d (medidas governamentais que atacaram diretamente os direitos dos mais pobres.<\/p>\n<p>\u201cGostaria de lembrar aqui os ensinamentos de Ciro Gomes: somos 14 milh\u00f5es de desempregados, no ano de 2016 mais de 13 mil ind\u00fastrias fecharam no Brasil, somos 63 milh\u00f5es de pessoas com o nome sujo no SPC [Servi\u00e7o de Prote\u00e7\u00e3o ao Cr\u00e9dito]. Precisamos lembrar que h\u00e1 necessidade de criar um projeto nacionalista que tire esse pa\u00eds deste estado e transforme em Na\u00e7\u00e3o. Para que isso aconte\u00e7a passa por uma educa\u00e7\u00e3o de qualidade e valoriza\u00e7\u00e3o da classe trabalhadora\u201d.<\/p>\n<p>J\u00e1 o presidente Lupi, explicou que existe uma necessidade de compreender a forma\u00e7\u00e3o da sociedade brasileira e suas contradi\u00e7\u00f5es.<\/p>\n<p>\u201cSe tem alguma coisa em crise \u00e9 a sociedade. A pol\u00edtica nada mais \u00e9 do que o reflexo da sociedade e temos que assumir isso. Sabendo disso, n\u00f3s temos que criar oportunidade igual para todos. Quando todos tiverem oportunidade de estudar, de se alimentar, de acesso \u00e0 sa\u00fade p\u00fablica de qualidade, a\u00ed sim vamos construir uma sociedade mais justa e que sonhamos. Esse \u00e9 o nosso papel enquanto partido\u201d, disse o presidente, que terminou convocando todos a criarem novos eventos.<\/p>\n<p>\u201cN\u00f3s temos que come\u00e7ar a construir o futuro e seremos o primeiro partido da era digital, n\u00f3s temos que sair da era anal\u00f3gica. Chega! N\u00f3s temos que ser digital. Estou aqui com voc\u00eas, mas tem gente l\u00e1 no Amap\u00e1 que vai poder comunicar e interagir. N\u00f3s temos que construir o PDT para 2020 e 2022 e, para isso, precisamos de voc\u00eas. N\u00f3s, enquanto partido, vamos abrir as estradas, mas quem tem que ter o combust\u00edvel para andar na estrada s\u00e3o voc\u00eas\u201d.<\/p>\n<!-- AddThis Advanced Settings generic via filter on the_content --><!-- AddThis Share Buttons generic via filter on the_content -->","protected":false},"excerpt":{"rendered":"<p>No \u00faltimo s\u00e1bado (1), aconteceu a primeira edi\u00e7\u00e3o do \u201cPDT de Portas Abertas\u201d na Funda\u00e7\u00e3o Leonel Brizola \u2013 Alberto Pasqualini (FLB-AP). O evento foi prestigiado pelo presidente nacional do PDT, Carlos Lupi, e pela deputada estadual reeleita Martha Rocha, dentre outros convidados.\u00a0 A iniciativa da Juventude Socialista (JS) e da FLB\/Rio de Janeiro tem como&#8230;<!-- AddThis Advanced Settings generic via filter on wp_trim_excerpt --><!-- AddThis Share Buttons generic via filter on wp_trim_excerpt --><\/p>\n","protected":false},"author":17,"featured_media":61860,"comment_status":"closed","ping_status":"closed","sticky":false,"template":"","format":"standard","meta":{"_monsterinsights_skip_tracking":false,"_monsterinsights_sitenote_active":false,"_monsterinsights_sitenote_note":"","_monsterinsights_sitenote_category":0,"_uf_show_specific_survey":0,"_uf_disable_surveys":false,"footnotes":""},"categories":[976],"tags":[196,38],"class_list":["post-61859","post","type-post","status-publish","format-standard","has-post-thumbnail","hentry","category-noticias-em-destaque","tag-carlos-lupi","tag-pdt"],"acf":[],"_links":{"self":[{"href":"https:\/\/pdt-rj.org.br\/index.php\/wp-json\/wp\/v2\/posts\/61859","targetHints":{"allow":["GET"]}}],"collection":[{"href":"https:\/\/pdt-rj.org.br\/index.php\/wp-json\/wp\/v2\/posts"}],"about":[{"href":"https:\/\/pdt-rj.org.br\/index.php\/wp-json\/wp\/v2\/types\/post"}],"author":[{"embeddable":true,"href":"https:\/\/pdt-rj.org.br\/index.php\/wp-json\/wp\/v2\/users\/17"}],"replies":[{"embeddable":true,"href":"https:\/\/pdt-rj.org.br\/index.php\/wp-json\/wp\/v2\/comments?post=61859"}],"version-history":[{"count":10,"href":"https:\/\/pdt-rj.org.br\/index.php\/wp-json\/wp\/v2\/posts\/61859\/revisions"}],"predecessor-version":[{"id":61901,"href":"https:\/\/pdt-rj.org.br\/index.php\/wp-json\/wp\/v2\/posts\/61859\/revisions\/61901"}],"wp:featuredmedia":[{"embeddable":true,"href":"https:\/\/pdt-rj.org.br\/index.php\/wp-json\/wp\/v2\/media\/61860"}],"wp:attachment":[{"href":"https:\/\/pdt-rj.org.br\/index.php\/wp-json\/wp\/v2\/media?parent=61859"}],"wp:term":[{"taxonomy":"category","embeddable":true,"href":"https:\/\/pdt-rj.org.br\/index.php\/wp-json\/wp\/v2\/categories?post=61859"},{"taxonomy":"post_tag","embeddable":true,"href":"https:\/\/pdt-rj.org.br\/index.php\/wp-json\/wp\/v2\/tags?post=61859"}],"curies":[{"name":"wp","href":"https:\/\/api.w.org\/{rel}","templated":true}]}}