{"id":61838,"date":"2018-11-30T16:47:39","date_gmt":"2018-11-30T18:47:39","guid":{"rendered":"http:\/\/pdt-rj.org.br\/?p=61838"},"modified":"2018-12-03T20:07:17","modified_gmt":"2018-12-03T22:07:17","slug":"lupi-participa-do-evento-pdt-de-portas-abertas-no-rio-de-janeiro","status":"publish","type":"post","link":"https:\/\/pdt-rj.org.br\/index.php\/lupi-participa-do-evento-pdt-de-portas-abertas-no-rio-de-janeiro\/","title":{"rendered":"Lupi participa do evento &#8220;PDT de Portas Abertas&#8221;, no Rio de Janeiro, neste s\u00e1bado"},"content":{"rendered":"<p>O PDT est\u00e1 come\u00e7ando a abrir suas portas para a renova\u00e7\u00e3o e a juventude. Neste s\u00e1bado, 1\u00ba de dezembro, o presidente nacional do PDT, Carlos Lupi, participar\u00e1 da primeira edi\u00e7\u00e3o do PDT de Portas Abertas, que ser\u00e1 realizado na sede da Funda\u00e7\u00e3o Leonel Brizola-Alberto Pasqualini (FLP-AP), no Rio de Janeiro, a partir das 11h. Acompanhado de outras lideran\u00e7as da legenda, ele conversar\u00e1 com\u00a0todos que pensam em ajudar a construir o projeto de Ciro Gomes para o Brasil.<\/p>\n<p>Uma iniciativa da Juventude Socialista e da FLB-AP\/RJ, o\u00a0PDT de Portas Abertas tem como objetivo apresentar o PDT e sua ideologia, tanto aos que pensam em se filiar e como aos filiados que ainda n\u00e3o participaram ativamente das a\u00e7\u00f5es partid\u00e1rias.\u00a0Al\u00e9m de Lupi, as conversar ter\u00e3o a participa\u00e7\u00e3o da deputada estadual Martha Rocha e os representantes dos movimentos pedetistas.<\/p>\n<p>\u00c9 uma atividade de recep\u00e7\u00e3o, apresenta\u00e7\u00e3o e tamb\u00e9m de muita conversa. Queremos saber o que a popula\u00e7\u00e3o espera de um partido pol\u00edtico, de como ela acha que devemos atuar, como voc\u00ea deseja contribuir e tamb\u00e9m as suas d\u00favidas e cr\u00edticas em rela\u00e7\u00e3o ao PDT.<\/p>\n<p>Haver\u00e1 , ainda, o sorteio de livros sobre a hist\u00f3ria do PDT e do Trabalhismo.\u00a0No final do evento, acontecer\u00e1 o ensaio do nosso bloco de carnaval &#8220;\u00d3rf\u00e3os do Brizola&#8221;.<\/p>\n<p><strong>Programa\u00e7\u00e3o<\/strong><\/p>\n<p>PDT de Portas Abertas (s\u00e1bado, 01\/12)<\/p>\n<p>11h \u2013 ABERTURA + RODA DE CONVERSA (Apresenta\u00e7\u00e3o e debate sobre o PDT \u2013 hist\u00f3ria, desafios, contradi\u00e7\u00f5es)<\/p>\n<p>12h30 \u2013 Apresenta\u00e7\u00e3o dos Movimentos do PDT<\/p>\n<p>&#8211; Coffee Break &#8211;<\/p>\n<p>13h \u2013 Conversa com o presidente Carlos Lupi<\/p>\n<p>14h \u2013 Conversa com a deputada Martha Rocha<\/p>\n<p>14h45 \u2013 Encerramento (Sorteio de livros e ensaio do bloco \u00d3rf\u00e3os do Brizola)<\/p>\n<p><strong>Data:<\/strong> 01\/12 \u2013 S\u00c1BADO<br \/>\n<strong>Local:<\/strong> Rua do Teatro, 39, em frente \u00e0 Pra\u00e7a Tiradentes \u2013 Funda\u00e7\u00e3o Leonel Brizola (Audit\u00f3rio 2\u00ba andar)<br \/>\n<strong>Hor\u00e1rio:<\/strong> 11h<\/p>\n<!-- AddThis Advanced Settings generic via filter on the_content --><!-- AddThis Share Buttons generic via filter on the_content -->","protected":false},"excerpt":{"rendered":"<p>O PDT est\u00e1 come\u00e7ando a abrir suas portas para a renova\u00e7\u00e3o e a juventude. Neste s\u00e1bado, 1\u00ba de dezembro, o presidente nacional do PDT, Carlos Lupi, participar\u00e1 da primeira edi\u00e7\u00e3o do PDT de Portas Abertas, que ser\u00e1 realizado na sede da Funda\u00e7\u00e3o Leonel Brizola-Alberto Pasqualini (FLP-AP), no Rio de Janeiro, a partir das 11h. Acompanhado&#8230;<!-- AddThis Advanced Settings generic via filter on wp_trim_excerpt --><!-- AddThis Share Buttons generic via filter on wp_trim_excerpt --><\/p>\n","protected":false},"author":17,"featured_media":61839,"comment_status":"closed","ping_status":"closed","sticky":false,"template":"","format":"standard","meta":{"_monsterinsights_skip_tracking":false,"_monsterinsights_sitenote_active":false,"_monsterinsights_sitenote_note":"","_monsterinsights_sitenote_category":0,"_uf_show_specific_survey":0,"_uf_disable_surveys":false,"footnotes":""},"categories":[1390],"tags":[],"class_list":["post-61838","post","type-post","status-publish","format-standard","has-post-thumbnail","hentry","category-editorias"],"acf":[],"_links":{"self":[{"href":"https:\/\/pdt-rj.org.br\/index.php\/wp-json\/wp\/v2\/posts\/61838","targetHints":{"allow":["GET"]}}],"collection":[{"href":"https:\/\/pdt-rj.org.br\/index.php\/wp-json\/wp\/v2\/posts"}],"about":[{"href":"https:\/\/pdt-rj.org.br\/index.php\/wp-json\/wp\/v2\/types\/post"}],"author":[{"embeddable":true,"href":"https:\/\/pdt-rj.org.br\/index.php\/wp-json\/wp\/v2\/users\/17"}],"replies":[{"embeddable":true,"href":"https:\/\/pdt-rj.org.br\/index.php\/wp-json\/wp\/v2\/comments?post=61838"}],"version-history":[{"count":8,"href":"https:\/\/pdt-rj.org.br\/index.php\/wp-json\/wp\/v2\/posts\/61838\/revisions"}],"predecessor-version":[{"id":61863,"href":"https:\/\/pdt-rj.org.br\/index.php\/wp-json\/wp\/v2\/posts\/61838\/revisions\/61863"}],"wp:featuredmedia":[{"embeddable":true,"href":"https:\/\/pdt-rj.org.br\/index.php\/wp-json\/wp\/v2\/media\/61839"}],"wp:attachment":[{"href":"https:\/\/pdt-rj.org.br\/index.php\/wp-json\/wp\/v2\/media?parent=61838"}],"wp:term":[{"taxonomy":"category","embeddable":true,"href":"https:\/\/pdt-rj.org.br\/index.php\/wp-json\/wp\/v2\/categories?post=61838"},{"taxonomy":"post_tag","embeddable":true,"href":"https:\/\/pdt-rj.org.br\/index.php\/wp-json\/wp\/v2\/tags?post=61838"}],"curies":[{"name":"wp","href":"https:\/\/api.w.org\/{rel}","templated":true}]}}