{"id":61835,"date":"2018-11-29T17:40:20","date_gmt":"2018-11-29T19:40:20","guid":{"rendered":"http:\/\/pdt-rj.org.br\/?p=61835"},"modified":"2018-11-29T17:40:20","modified_gmt":"2018-11-29T19:40:20","slug":"indigenas-da-etnia-guarani-mbya-se-filiam-ao-pdt-de-marica-no-rio-de-janeiro","status":"publish","type":"post","link":"https:\/\/pdt-rj.org.br\/index.php\/indigenas-da-etnia-guarani-mbya-se-filiam-ao-pdt-de-marica-no-rio-de-janeiro\/","title":{"rendered":"Ind\u00edgenas da etnia Guarani Mby\u00e1 se filiam ao PDT de Maric\u00e1, no Rio de Janeiro"},"content":{"rendered":"<p>Nessa quarta-feira (28), ind\u00edgenas Guarani Mby\u00e1, da aldeia Mata Verde Bonita, de Maric\u00e1 (munic\u00edpio da Regi\u00e3o Metropolitana do Rio de Janeiro), tomaram, de acordo com eles, a importante decis\u00e3o de se filiar a um partido pol\u00edtico. N\u00e3o por acaso, a escolha foi o PDT.\u00a0A decis\u00e3o partiu do cacique Darci Tup\u00e3, que dizer ter orgulho de seu nome, uma homenagem de sua m\u00e3e ao ex-senador pedetista Darcy Ribeiro, que tamb\u00e9m foi antrop\u00f3logo e escritor.<\/p>\n<p>Tup\u00e3 j\u00e1 havia conversado com militantes do partido no ano passado, em uma confer\u00eancia de igualdade racial realizada na cidade, e levou um tempo refletindo sobre a ideia da filia\u00e7\u00e3o e uma constru\u00e7\u00e3o pol\u00edtica.<\/p>\n<p>&#8220;O \u00edndio tem seu tempo para decidir&#8221;, explicou Darci Tup\u00e3.<\/p>\n<p>Junto com ele outros tamb\u00e9m se filiaram e pretendem, com o apoio do Movimento Cultural Darcy Ribeiro, criar o primeiro n\u00facleo ind\u00edgena do partido no estado do RJ.<\/p>\n<p>&#8220;Para n\u00f3s, \u00e9 um grande prazer saber que o primeiro foco no surgimento do Movimento Ind\u00edgena do PDT no RJ vir\u00e1 de Maric\u00e1, cidade amada pelo nosso mestre Darcy Ribeiro, aonde viveu para produzir a \u00faltima grande obra liter\u00e1ria de sua vida&#8221;, disse Andr\u00e9 Carcar\u00e1, secret\u00e1rio-geral do Movimento Cultural Darcy Ribeiro, referindo-se ao livro &#8220;O Povo Brasileiro&#8221;, \u00faltimo grande trabalho de Darcy.<\/p>\n<p>O pr\u00f3ximo passo ser\u00e1 uma agenda do cacique Darci Tup\u00e3 com o presidente nacional do PDT, Carlos Lupi, e a visita do presidente nacional do Movimento Ind\u00edgena do PDT, Rafael Weree, neto do cacique pedetista M\u00e1rio Juruna, primeiro deputado federal ind\u00edgena no Brasil.<\/p>\n<!-- AddThis Advanced Settings generic via filter on the_content --><!-- AddThis Share Buttons generic via filter on the_content -->","protected":false},"excerpt":{"rendered":"<p>Nessa quarta-feira (28), ind\u00edgenas Guarani Mby\u00e1, da aldeia Mata Verde Bonita, de Maric\u00e1 (munic\u00edpio da Regi\u00e3o Metropolitana do Rio de Janeiro), tomaram, de acordo com eles, a importante decis\u00e3o de se filiar a um partido pol\u00edtico. N\u00e3o por acaso, a escolha foi o PDT.\u00a0A decis\u00e3o partiu do cacique Darci Tup\u00e3, que dizer ter orgulho de&#8230;<!-- AddThis Advanced Settings generic via filter on wp_trim_excerpt --><!-- AddThis Share Buttons generic via filter on wp_trim_excerpt --><\/p>\n","protected":false},"author":17,"featured_media":61836,"comment_status":"closed","ping_status":"closed","sticky":false,"template":"","format":"standard","meta":{"_monsterinsights_skip_tracking":false,"_monsterinsights_sitenote_active":false,"_monsterinsights_sitenote_note":"","_monsterinsights_sitenote_category":0,"_uf_show_specific_survey":0,"_uf_disable_surveys":false,"footnotes":""},"categories":[1390],"tags":[],"class_list":["post-61835","post","type-post","status-publish","format-standard","has-post-thumbnail","hentry","category-editorias"],"acf":[],"_links":{"self":[{"href":"https:\/\/pdt-rj.org.br\/index.php\/wp-json\/wp\/v2\/posts\/61835","targetHints":{"allow":["GET"]}}],"collection":[{"href":"https:\/\/pdt-rj.org.br\/index.php\/wp-json\/wp\/v2\/posts"}],"about":[{"href":"https:\/\/pdt-rj.org.br\/index.php\/wp-json\/wp\/v2\/types\/post"}],"author":[{"embeddable":true,"href":"https:\/\/pdt-rj.org.br\/index.php\/wp-json\/wp\/v2\/users\/17"}],"replies":[{"embeddable":true,"href":"https:\/\/pdt-rj.org.br\/index.php\/wp-json\/wp\/v2\/comments?post=61835"}],"version-history":[{"count":1,"href":"https:\/\/pdt-rj.org.br\/index.php\/wp-json\/wp\/v2\/posts\/61835\/revisions"}],"predecessor-version":[{"id":61837,"href":"https:\/\/pdt-rj.org.br\/index.php\/wp-json\/wp\/v2\/posts\/61835\/revisions\/61837"}],"wp:featuredmedia":[{"embeddable":true,"href":"https:\/\/pdt-rj.org.br\/index.php\/wp-json\/wp\/v2\/media\/61836"}],"wp:attachment":[{"href":"https:\/\/pdt-rj.org.br\/index.php\/wp-json\/wp\/v2\/media?parent=61835"}],"wp:term":[{"taxonomy":"category","embeddable":true,"href":"https:\/\/pdt-rj.org.br\/index.php\/wp-json\/wp\/v2\/categories?post=61835"},{"taxonomy":"post_tag","embeddable":true,"href":"https:\/\/pdt-rj.org.br\/index.php\/wp-json\/wp\/v2\/tags?post=61835"}],"curies":[{"name":"wp","href":"https:\/\/api.w.org\/{rel}","templated":true}]}}