{"id":61721,"date":"2018-11-21T18:45:59","date_gmt":"2018-11-21T20:45:59","guid":{"rendered":"http:\/\/pdt-rj.org.br\/?p=61721"},"modified":"2018-11-21T19:57:35","modified_gmt":"2018-11-21T21:57:35","slug":"roberto-claudio-debate-uso-do-biometano-no-evento-semanas-da-inovacao-suecia-brasil","status":"publish","type":"post","link":"https:\/\/pdt-rj.org.br\/index.php\/roberto-claudio-debate-uso-do-biometano-no-evento-semanas-da-inovacao-suecia-brasil\/","title":{"rendered":"Roberto Cl\u00e1udio debate uso do biometano no evento &#8220;Semanas da Inova\u00e7\u00e3o Su\u00e9cia-Brasil&#8221;"},"content":{"rendered":"<p>O prefeito de Fortaleza (CE) Roberto Cl\u00e1udio (PDT), acompanhado da vice-governadora, Izolda Cela, participou da cerim\u00f4nia de abertura da s\u00e9tima edi\u00e7\u00e3o do evento Semanas da Inova\u00e7\u00e3o Su\u00e9cia-Brasil, realizado nessa segunda-feira (19), como foco no potencial da cadeia de biometano para cidades sustent\u00e1veis como Fortaleza.<\/p>\n<p>O evento, promovido pela Prefeitura de Fortaleza, em parceria com a Embaixada da Su\u00e9cia no Brasil e o Governo do Estado do Cear\u00e1, re\u00fane especialistas da cadeia de valor de biog\u00e1s de ambos os pa\u00edses, com o objetivo de compartilhar conhecimento e discutir como implementar uma cadeia de valor sustent\u00e1vel com foco em transportes p\u00fablicos em Fortaleza.<\/p>\n<p>De acordo com o prefeito Roberto Cl\u00e1udio, no pr\u00f3ximo ano, uma linha de transporte p\u00fablico vai circular com biometano, como programa piloto, para testar o tempo, efic\u00e1cia e efici\u00eancia da nova tecnologia nos \u00f4nibus de Fortaleza.<\/p>\n<p>\u201cAs principais emiss\u00f5es de carbono para a atmosfera s\u00e3o o transporte e o lixo nas cidades brasileiras. Usar o lixo para combust\u00edvel de transporte p\u00fablico \u00e9 atacar as duas principais fontes poluentes. Ent\u00e3o, al\u00e9m da quest\u00e3o da inova\u00e7\u00e3o tecnol\u00f3gica, a sustentabilidade tamb\u00e9m \u00e9 um ganho concreto\u201d, avaliou o prefeito.<\/p>\n<p>O biometano \u00e9 um biocombust\u00edvel gasoso obtido a partir do processamento do biog\u00e1s. Por sua vez, o biog\u00e1s \u00e9 origin\u00e1rio da digest\u00e3o anaer\u00f3bica de material org\u00e2nico (decomposi\u00e7\u00e3o por a\u00e7\u00e3o das bact\u00e9rias), composto principalmente de metano e di\u00f3xido de carbono (CO2).<\/p>\n<p>Durante o semin\u00e1rio, a empresa Scania apresentou um \u00f4nibus movido a biometano. Ele tem capacidade para circular o dia inteiro com um tanque de combust\u00edvel capaz de armazenar 400m\u00b3.<\/p>\n<p>\u201cTrata-se de transformar aquilo o que hoje representa um problema s\u00e9rio de polui\u00e7\u00e3o em uma possibilidade virtuosa em que o lixo se transforma em energia. Temos parcerias importantes, como essa da Su\u00e9cia, Funcap, universidades e iniciativa privada para implantar essas novas experi\u00eancias e servir de exemplo, mais uma vez, para outras regi\u00f5es\u201d, explicou a vice-governadora.<\/p>\n<p>A Ceg\u00e1s \u00e9 pioneira na inje\u00e7\u00e3o de G\u00e1s Natural Renov\u00e1vel (GNR) proveniente do lixo na sua rede de distribui\u00e7\u00e3o. De acordo com o presidente da Companhia, Hugo Figueiredo, cerca de 15% do volume consumido por clientes residenciais, ind\u00fastrias e veiculares j\u00e1 usam GNR.<\/p>\n<p>\u201cEsperamos estreitar essa parceria com a Prefeitura, expandi-la para o uso do transporte p\u00fablico e, quem sabe, outros ve\u00edculos de grande porte para tornar a economia do estado mais eficiente\u201d, declarou Hugo Figueiredo.<\/p>\n<p><strong><a href=\"https:\/\/www.fortaleza.ce.gov.br\/noticias\/prefeito-roberto-claudio-debate-uso-do-biometano-para-transporte-publico\">Leia a mat\u00e9ria completa aqui.<\/a>\u00a0<\/strong><\/p>\n<!-- AddThis Advanced Settings generic via filter on the_content --><!-- AddThis Share Buttons generic via filter on the_content -->","protected":false},"excerpt":{"rendered":"<p>O prefeito de Fortaleza (CE) Roberto Cl\u00e1udio (PDT), acompanhado da vice-governadora, Izolda Cela, participou da cerim\u00f4nia de abertura da s\u00e9tima edi\u00e7\u00e3o do evento Semanas da Inova\u00e7\u00e3o Su\u00e9cia-Brasil, realizado nessa segunda-feira (19), como foco no potencial da cadeia de biometano para cidades sustent\u00e1veis como Fortaleza. O evento, promovido pela Prefeitura de Fortaleza, em parceria com a&#8230;<!-- AddThis Advanced Settings generic via filter on wp_trim_excerpt --><!-- AddThis Share Buttons generic via filter on wp_trim_excerpt --><\/p>\n","protected":false},"author":17,"featured_media":61722,"comment_status":"closed","ping_status":"closed","sticky":false,"template":"","format":"standard","meta":{"_monsterinsights_skip_tracking":false,"_monsterinsights_sitenote_active":false,"_monsterinsights_sitenote_note":"","_monsterinsights_sitenote_category":0,"_uf_show_specific_survey":0,"_uf_disable_surveys":false,"footnotes":""},"categories":[1390],"tags":[3165,3168,3166,3167,1637,836,1016],"class_list":["post-61721","post","type-post","status-publish","format-standard","has-post-thumbnail","hentry","category-editorias","tag-biometano","tag-cadeia-de-valor-sustentavel","tag-co2","tag-gas-natural-renovavel","tag-izolda-cela","tag-roberto-claudio","tag-transporte-publico"],"acf":[],"_links":{"self":[{"href":"https:\/\/pdt-rj.org.br\/index.php\/wp-json\/wp\/v2\/posts\/61721","targetHints":{"allow":["GET"]}}],"collection":[{"href":"https:\/\/pdt-rj.org.br\/index.php\/wp-json\/wp\/v2\/posts"}],"about":[{"href":"https:\/\/pdt-rj.org.br\/index.php\/wp-json\/wp\/v2\/types\/post"}],"author":[{"embeddable":true,"href":"https:\/\/pdt-rj.org.br\/index.php\/wp-json\/wp\/v2\/users\/17"}],"replies":[{"embeddable":true,"href":"https:\/\/pdt-rj.org.br\/index.php\/wp-json\/wp\/v2\/comments?post=61721"}],"version-history":[{"count":4,"href":"https:\/\/pdt-rj.org.br\/index.php\/wp-json\/wp\/v2\/posts\/61721\/revisions"}],"predecessor-version":[{"id":61726,"href":"https:\/\/pdt-rj.org.br\/index.php\/wp-json\/wp\/v2\/posts\/61721\/revisions\/61726"}],"wp:featuredmedia":[{"embeddable":true,"href":"https:\/\/pdt-rj.org.br\/index.php\/wp-json\/wp\/v2\/media\/61722"}],"wp:attachment":[{"href":"https:\/\/pdt-rj.org.br\/index.php\/wp-json\/wp\/v2\/media?parent=61721"}],"wp:term":[{"taxonomy":"category","embeddable":true,"href":"https:\/\/pdt-rj.org.br\/index.php\/wp-json\/wp\/v2\/categories?post=61721"},{"taxonomy":"post_tag","embeddable":true,"href":"https:\/\/pdt-rj.org.br\/index.php\/wp-json\/wp\/v2\/tags?post=61721"}],"curies":[{"name":"wp","href":"https:\/\/api.w.org\/{rel}","templated":true}]}}