{"id":61705,"date":"2018-11-19T17:13:24","date_gmt":"2018-11-19T19:13:24","guid":{"rendered":"http:\/\/pdt-rj.org.br\/?p=61705"},"modified":"2018-11-19T17:13:24","modified_gmt":"2018-11-19T19:13:24","slug":"no-rio-fundacao-leonel-brizola-inicia-planejamento-estrategico-para-2019","status":"publish","type":"post","link":"https:\/\/pdt-rj.org.br\/index.php\/no-rio-fundacao-leonel-brizola-inicia-planejamento-estrategico-para-2019\/","title":{"rendered":"No Rio, Funda\u00e7\u00e3o Leonel Brizola inicia planejamento estrat\u00e9gico para 2019"},"content":{"rendered":"<p>Em pleno s\u00e1bado de sol, a dire\u00e7\u00e3o da Funda\u00e7\u00e3o Leonel Brizola \u2013 Alberto Pasqualini (FLB-AP) no Rio de Janeiro promoveu encontro de formula\u00e7\u00e3o do planejamento estrat\u00e9gico para 2019. Organizada na sede regional do PDT, a primeira atividade, de uma s\u00e9rie de tr\u00eas eventos, contou com a presen\u00e7a dos principais colaboradores d\u00f3 \u00f3rg\u00e3o de forma\u00e7\u00e3o pol\u00edtica.<\/p>\n<p>Na primeira parte, os participantes fizeram um balan\u00e7o de 2018, com os resultados junto \u00e0 milit\u00e2ncia. Vice-presidente da Funda\u00e7\u00e3o, Everton Gomes destacou os esfor\u00e7os e os desafios do pr\u00f3ximo per\u00edodo.<\/p>\n<p>\u201cNos \u00faltimos dois anos avan\u00e7amos muito. Desde a cria\u00e7\u00e3o de p\u00fablico para as nossas atividades via n\u00facleos de base, bem como na constru\u00e7\u00e3o de uma rede de colaboradores que querem contribuir com a forma\u00e7\u00e3o pol\u00edtica do PDT\u201d, disse.<\/p>\n<p>\u201cEstamos recebendo cada vez mais quadros e \u00e9 responsabilidade da Funda\u00e7\u00e3o dar direcionamento para os novos membros a partir da transmiss\u00e3o da hist\u00f3ria do partido, bem como as nossas posi\u00e7\u00f5es e compromissos\u201d, completou, , ao citar o apoio da Juventude Socialista, conduzida pelo seu presidente nacional, Willian Rodrigues.<\/p>\n<p>A partir de uma din\u00e2mica para identificar ideias e potenciais projetos para 2019, bem como a cria\u00e7\u00e3o de Grupos de Trabalho que auxiliem no cotidiano da Funda\u00e7\u00e3o, a segunda parte do evento intensificou a proje\u00e7\u00e3o da organiza\u00e7\u00e3o em todo o estado.<\/p>\n<p>Ao avaliar as ideias apresentadas, a representante da dire\u00e7\u00e3o estadual da Juventude Socialista, Thayane Neves, destacou a Caravana dos N\u00facleos de Base, que atende de forma regionalizada, mas que precisa intensificar as pautas locais.<\/p>\n<p>\u201cA nuclea\u00e7\u00e3o precisa estimular ainda mais o di\u00e1logo sobre os problemas do dia a dia do cidad\u00e3o. S\u00f3 assim atingiremos as pessoas comuns\u201d, apontou.<\/p>\n<p><strong>Atividades<\/strong><\/p>\n<p>As pr\u00f3ximas reuni\u00f5es, que ocorrer\u00e3o na sede pedetista \u2013 que fica localizada na Rua Sete de Setembro, 141, 6\u00ba Andar, Centro \u2013, contar\u00e3o ainda com a participa\u00e7\u00e3o dos movimentos partid\u00e1rios e, posteriormente, ser\u00e3o apresentados para o p\u00fablico externo para valida\u00e7\u00e3o das ideias projetadas.<\/p>\n<!-- AddThis Advanced Settings generic via filter on the_content --><!-- AddThis Share Buttons generic via filter on the_content -->","protected":false},"excerpt":{"rendered":"<p>Em pleno s\u00e1bado de sol, a dire\u00e7\u00e3o da Funda\u00e7\u00e3o Leonel Brizola \u2013 Alberto Pasqualini (FLB-AP) no Rio de Janeiro promoveu encontro de formula\u00e7\u00e3o do planejamento estrat\u00e9gico para 2019. Organizada na sede regional do PDT, a primeira atividade, de uma s\u00e9rie de tr\u00eas eventos, contou com a presen\u00e7a dos principais colaboradores d\u00f3 \u00f3rg\u00e3o de forma\u00e7\u00e3o pol\u00edtica&#8230;.<!-- AddThis Advanced Settings generic via filter on wp_trim_excerpt --><!-- AddThis Share Buttons generic via filter on wp_trim_excerpt --><\/p>\n","protected":false},"author":17,"featured_media":61706,"comment_status":"closed","ping_status":"closed","sticky":false,"template":"","format":"standard","meta":{"_monsterinsights_skip_tracking":false,"_monsterinsights_sitenote_active":false,"_monsterinsights_sitenote_note":"","_monsterinsights_sitenote_category":0,"_uf_show_specific_survey":0,"_uf_disable_surveys":false,"footnotes":""},"categories":[1390],"tags":[408,426,539,2839],"class_list":["post-61705","post","type-post","status-publish","format-standard","has-post-thumbnail","hentry","category-editorias","tag-flb-ap","tag-fundacao-leonel-brizola-alberto-pasqualini","tag-juventude-socialista","tag-willian-rodrigues"],"acf":[],"_links":{"self":[{"href":"https:\/\/pdt-rj.org.br\/index.php\/wp-json\/wp\/v2\/posts\/61705","targetHints":{"allow":["GET"]}}],"collection":[{"href":"https:\/\/pdt-rj.org.br\/index.php\/wp-json\/wp\/v2\/posts"}],"about":[{"href":"https:\/\/pdt-rj.org.br\/index.php\/wp-json\/wp\/v2\/types\/post"}],"author":[{"embeddable":true,"href":"https:\/\/pdt-rj.org.br\/index.php\/wp-json\/wp\/v2\/users\/17"}],"replies":[{"embeddable":true,"href":"https:\/\/pdt-rj.org.br\/index.php\/wp-json\/wp\/v2\/comments?post=61705"}],"version-history":[{"count":1,"href":"https:\/\/pdt-rj.org.br\/index.php\/wp-json\/wp\/v2\/posts\/61705\/revisions"}],"predecessor-version":[{"id":61708,"href":"https:\/\/pdt-rj.org.br\/index.php\/wp-json\/wp\/v2\/posts\/61705\/revisions\/61708"}],"wp:featuredmedia":[{"embeddable":true,"href":"https:\/\/pdt-rj.org.br\/index.php\/wp-json\/wp\/v2\/media\/61706"}],"wp:attachment":[{"href":"https:\/\/pdt-rj.org.br\/index.php\/wp-json\/wp\/v2\/media?parent=61705"}],"wp:term":[{"taxonomy":"category","embeddable":true,"href":"https:\/\/pdt-rj.org.br\/index.php\/wp-json\/wp\/v2\/categories?post=61705"},{"taxonomy":"post_tag","embeddable":true,"href":"https:\/\/pdt-rj.org.br\/index.php\/wp-json\/wp\/v2\/tags?post=61705"}],"curies":[{"name":"wp","href":"https:\/\/api.w.org\/{rel}","templated":true}]}}