{"id":61702,"date":"2018-11-16T14:53:56","date_gmt":"2018-11-16T16:53:56","guid":{"rendered":"http:\/\/pdt-rj.org.br\/?p=61702"},"modified":"2018-11-19T18:14:46","modified_gmt":"2018-11-19T20:14:46","slug":"camara-aprova-projeto-que-concede-beneficios-sociais-a-quem-tem-neurofibromatose","status":"publish","type":"post","link":"https:\/\/pdt-rj.org.br\/index.php\/camara-aprova-projeto-que-concede-beneficios-sociais-a-quem-tem-neurofibromatose\/","title":{"rendered":"C\u00e2mara aprova projeto que concede benef\u00edcios sociais a quem tem neurofibromatose"},"content":{"rendered":"<p>A Comiss\u00e3o de Constitui\u00e7\u00e3o e Justi\u00e7a da C\u00e2mara dos Deputados aprovou, na \u00faltima ter\u00e7a-feira (13), o Projeto de Lei 39\/15, do deputado Sergio Vidigal (PDT-ES), que equipara a neurofibromatose (S\u00edndrome de Von Recklinghausen) \u00e0s outras defici\u00eancias f\u00edsicas e intelectuais e garante os direitos e benef\u00edcios sociais determinados na Constitui\u00e7\u00e3o. O relat\u00f3rio pela constitucionalidade da proposta \u00e9 do tamb\u00e9m pedetista Pompeo de Mattos, do Rio Grande do Sul.<\/p>\n<p>O projeto determina que o Poder Executivo elabore cadastro \u00fanico das pessoas com a s\u00edndrome, contendo as seguintes informa\u00e7\u00f5es: condi\u00e7\u00f5es de sa\u00fade e de necessidades assistenciais, acompanhamentos cl\u00ednicos, assistencial e laboral e mecanismos de prote\u00e7\u00e3o social.<\/p>\n<p>As neurofibromatoses s\u00e3o doen\u00e7as gen\u00e9ticas que podem causar tumores na pele e no sistema nervoso, problemas de crescimento e de aprendizagem, defeitos \u00f3sseos e uma s\u00e9rie de outros danos \u00e0 sa\u00fade. Existem tr\u00eas tipos de neurofibromatoses: Tipo 1, Tipo 2 e Schwanomatose. Cada uma delas tem causas, efeitos e sintomas diferentes.<\/p>\n<p>A proposta tramitou em car\u00e1ter conclusivo e segue para o Senado, a n\u00e3o ser que haja recurso para vota\u00e7\u00e3o pelo Plen\u00e1rio.<\/p>\n<!-- AddThis Advanced Settings generic via filter on the_content --><!-- AddThis Share Buttons generic via filter on the_content -->","protected":false},"excerpt":{"rendered":"<p>A Comiss\u00e3o de Constitui\u00e7\u00e3o e Justi\u00e7a da C\u00e2mara dos Deputados aprovou, na \u00faltima ter\u00e7a-feira (13), o Projeto de Lei 39\/15, do deputado Sergio Vidigal (PDT-ES), que equipara a neurofibromatose (S\u00edndrome de Von Recklinghausen) \u00e0s outras defici\u00eancias f\u00edsicas e intelectuais e garante os direitos e benef\u00edcios sociais determinados na Constitui\u00e7\u00e3o. O relat\u00f3rio pela constitucionalidade da proposta&#8230;<!-- AddThis Advanced Settings generic via filter on wp_trim_excerpt --><!-- AddThis Share Buttons generic via filter on wp_trim_excerpt --><\/p>\n","protected":false},"author":17,"featured_media":61703,"comment_status":"closed","ping_status":"closed","sticky":false,"template":"","format":"standard","meta":{"_monsterinsights_skip_tracking":false,"_monsterinsights_sitenote_active":false,"_monsterinsights_sitenote_note":"","_monsterinsights_sitenote_category":0,"_uf_show_specific_survey":0,"_uf_disable_surveys":false,"footnotes":""},"categories":[1390],"tags":[873],"class_list":["post-61702","post","type-post","status-publish","format-standard","has-post-thumbnail","hentry","category-editorias","tag-sergio-vidigal"],"acf":[],"_links":{"self":[{"href":"https:\/\/pdt-rj.org.br\/index.php\/wp-json\/wp\/v2\/posts\/61702","targetHints":{"allow":["GET"]}}],"collection":[{"href":"https:\/\/pdt-rj.org.br\/index.php\/wp-json\/wp\/v2\/posts"}],"about":[{"href":"https:\/\/pdt-rj.org.br\/index.php\/wp-json\/wp\/v2\/types\/post"}],"author":[{"embeddable":true,"href":"https:\/\/pdt-rj.org.br\/index.php\/wp-json\/wp\/v2\/users\/17"}],"replies":[{"embeddable":true,"href":"https:\/\/pdt-rj.org.br\/index.php\/wp-json\/wp\/v2\/comments?post=61702"}],"version-history":[{"count":2,"href":"https:\/\/pdt-rj.org.br\/index.php\/wp-json\/wp\/v2\/posts\/61702\/revisions"}],"predecessor-version":[{"id":61712,"href":"https:\/\/pdt-rj.org.br\/index.php\/wp-json\/wp\/v2\/posts\/61702\/revisions\/61712"}],"wp:featuredmedia":[{"embeddable":true,"href":"https:\/\/pdt-rj.org.br\/index.php\/wp-json\/wp\/v2\/media\/61703"}],"wp:attachment":[{"href":"https:\/\/pdt-rj.org.br\/index.php\/wp-json\/wp\/v2\/media?parent=61702"}],"wp:term":[{"taxonomy":"category","embeddable":true,"href":"https:\/\/pdt-rj.org.br\/index.php\/wp-json\/wp\/v2\/categories?post=61702"},{"taxonomy":"post_tag","embeddable":true,"href":"https:\/\/pdt-rj.org.br\/index.php\/wp-json\/wp\/v2\/tags?post=61702"}],"curies":[{"name":"wp","href":"https:\/\/api.w.org\/{rel}","templated":true}]}}