{"id":61645,"date":"2018-10-26T16:09:14","date_gmt":"2018-10-26T19:09:14","guid":{"rendered":"http:\/\/pdt-rj.org.br\/?p=61645"},"modified":"2018-11-05T12:42:32","modified_gmt":"2018-11-05T14:42:32","slug":"regionais-do-pdt-liberam-fachadas-para-manifestacoes-pela-democracia","status":"publish","type":"post","link":"https:\/\/pdt-rj.org.br\/index.php\/regionais-do-pdt-liberam-fachadas-para-manifestacoes-pela-democracia\/","title":{"rendered":"Regionais do PDT liberam fachadas para manifesta\u00e7\u00f5es pela democracia"},"content":{"rendered":"<p>O Presidente Nacional do PDT, Carlos Lupi, liberou, nesta sexta-feira (26), o uso das fachadas das sedes do PDT em todo Pa\u00eds para manifesta\u00e7\u00f5es em favor da democracia. A medida \u00e9 uma resposta ao que classificou como \u201cato autorit\u00e1rio\u201d da Justi\u00e7a Eleitoral, que mandou retirar faixas apartid\u00e1rias com os dizeres \u201cantifascista\u201d de pelo menos 17 Universidades em nove estados brasileiros. O PDT tamb\u00e9m impetrou, no Rio, um Mandado de Seguran\u00e7a com pedido de Liminar contra a decis\u00e3o de Ju\u00edza de Niter\u00f3i que motivou o pedido de censura \u00e0s Universidades. Outra a\u00e7\u00e3o, nacional, tamb\u00e9m ser\u00e1 apresentada pelo partido em Bras\u00edlia ainda nesta sexta (25).<\/p>\n<p>\u201cN\u00e3o podemos permitir que as Universidades sejam censuradas por se manifestarem, apenas, com os dizeres \u2018antifascista\u2019. N\u00e3o h\u00e1 qualquer nome, n\u00famero ou elemento gr\u00e1fico que identifique ou classifique a medida como crime eleitoral. A escalada do fascismo no pa\u00eds est\u00e1 caminhando a passos largos, e o direito \u00e0 livre manifesta\u00e7\u00e3o \u00e9 garantido pela Constitui\u00e7\u00e3o\u201d, afirmou Lupi, ao anunciar a medida.<\/p>\n<p>No Rio, uma ju\u00edza eleitoral de Niter\u00f3i determinou a imediata retirada de uma faixa com os dizeres \u201cUFF Antifascista\u201d na fachada do pr\u00e9dio do curso de Direito da universidade. O Diretor da faculdade foi amea\u00e7ado criminalmente pela ju\u00edza caso descumprisse a determina\u00e7\u00e3o.\u00a0O ato foi repudiado por OAB, Ministros do Superior Tribunal Federal e pela Procuradoria Geral da Rep\u00fablica.<\/p>\n<p>Na Universidade Estadual da Para\u00edba, em Campina Grande, alunos e professores relataram que fiscais do TRE e agentes da Pol\u00edcia Federal abordaram os professores sobre seus dados pessoais, a disciplina que ministram e o assunto que estava sendo abordado nas aulas. A reitoria da universidade e a associa\u00e7\u00e3o de docentes confirmam que os homens entraram em v\u00e1rias aulas, entre elas uma aula de \u00e9tica. Hoje, fiscais estiveram em um evento organizado pelos alunos \u201cem defesa da democracia\u201d e fiscais estiveram no local em busca de material de campanha.<\/p>\n<p>H\u00e1 registros de medidas similares tamb\u00e9m na Para\u00edba, Par\u00e1, Minas Gerais, Cear\u00e1, Bahia, Rio Grande do Sul, Goi\u00e1s e Mato Grosso do Sul.<\/p>\n<p>&nbsp;<\/p>\n<!-- AddThis Advanced Settings generic via filter on the_content --><!-- AddThis Share Buttons generic via filter on the_content -->","protected":false},"excerpt":{"rendered":"<p>O Presidente Nacional do PDT, Carlos Lupi, liberou, nesta sexta-feira (26), o uso das fachadas das sedes do PDT em todo Pa\u00eds para manifesta\u00e7\u00f5es em favor da democracia. A medida \u00e9 uma resposta ao que classificou como \u201cato autorit\u00e1rio\u201d da Justi\u00e7a Eleitoral, que mandou retirar faixas apartid\u00e1rias com os dizeres \u201cantifascista\u201d de pelo menos 17&#8230;<!-- AddThis Advanced Settings generic via filter on wp_trim_excerpt --><!-- AddThis Share Buttons generic via filter on wp_trim_excerpt --><\/p>\n","protected":false},"author":17,"featured_media":61646,"comment_status":"closed","ping_status":"closed","sticky":false,"template":"","format":"standard","meta":{"_monsterinsights_skip_tracking":false,"_monsterinsights_sitenote_active":false,"_monsterinsights_sitenote_note":"","_monsterinsights_sitenote_category":0,"_uf_show_specific_survey":0,"_uf_disable_surveys":false,"footnotes":""},"categories":[976],"tags":[196,3157,3156],"class_list":["post-61645","post","type-post","status-publish","format-standard","has-post-thumbnail","hentry","category-noticias-em-destaque","tag-carlos-lupi","tag-manifestacoes-em-favor-da-democracia","tag-regionais-do-pdt"],"acf":[],"_links":{"self":[{"href":"https:\/\/pdt-rj.org.br\/index.php\/wp-json\/wp\/v2\/posts\/61645","targetHints":{"allow":["GET"]}}],"collection":[{"href":"https:\/\/pdt-rj.org.br\/index.php\/wp-json\/wp\/v2\/posts"}],"about":[{"href":"https:\/\/pdt-rj.org.br\/index.php\/wp-json\/wp\/v2\/types\/post"}],"author":[{"embeddable":true,"href":"https:\/\/pdt-rj.org.br\/index.php\/wp-json\/wp\/v2\/users\/17"}],"replies":[{"embeddable":true,"href":"https:\/\/pdt-rj.org.br\/index.php\/wp-json\/wp\/v2\/comments?post=61645"}],"version-history":[{"count":7,"href":"https:\/\/pdt-rj.org.br\/index.php\/wp-json\/wp\/v2\/posts\/61645\/revisions"}],"predecessor-version":[{"id":61661,"href":"https:\/\/pdt-rj.org.br\/index.php\/wp-json\/wp\/v2\/posts\/61645\/revisions\/61661"}],"wp:featuredmedia":[{"embeddable":true,"href":"https:\/\/pdt-rj.org.br\/index.php\/wp-json\/wp\/v2\/media\/61646"}],"wp:attachment":[{"href":"https:\/\/pdt-rj.org.br\/index.php\/wp-json\/wp\/v2\/media?parent=61645"}],"wp:term":[{"taxonomy":"category","embeddable":true,"href":"https:\/\/pdt-rj.org.br\/index.php\/wp-json\/wp\/v2\/categories?post=61645"},{"taxonomy":"post_tag","embeddable":true,"href":"https:\/\/pdt-rj.org.br\/index.php\/wp-json\/wp\/v2\/tags?post=61645"}],"curies":[{"name":"wp","href":"https:\/\/api.w.org\/{rel}","templated":true}]}}