{"id":61617,"date":"2018-10-23T12:45:44","date_gmt":"2018-10-23T15:45:44","guid":{"rendered":"http:\/\/pdt-rj.org.br\/?p=61617"},"modified":"2018-10-23T18:23:03","modified_gmt":"2018-10-23T21:23:03","slug":"fundacao-leonel-brizola-exalta-memoria-trabalhista-com-cartilhas-historicas","status":"publish","type":"post","link":"https:\/\/pdt-rj.org.br\/index.php\/fundacao-leonel-brizola-exalta-memoria-trabalhista-com-cartilhas-historicas\/","title":{"rendered":"Funda\u00e7\u00e3o Leonel Brizola exalta mem\u00f3ria trabalhista com cartilhas hist\u00f3ricas"},"content":{"rendered":"<p>Para homenagear as grandes lideran\u00e7as pol\u00edticas do Trabalhismo brasileiro, a Funda\u00e7\u00e3o Leonel Brizola \u2013 Alberto Pasqualini (FLB-AP), atrav\u00e9s do Centro de Mem\u00f3ria Trabalhista, vem publicando desde outubro do ano passado a s\u00e9rie \u201cMem\u00f3rias Trabalhistas\u201d \u2013 cartilhas de leitura f\u00e1cil para entendimento e compreens\u00e3o da vida e a obra desses l\u00edderes.<\/p>\n<p>A s\u00e9rie come\u00e7ou em outubro de 2017 para celebrar o centen\u00e1rio de nascimento de Neiva Moreira, maranhense, jornalista, companheiro da primeira hora de Leonel Brizola, fundador da revista \u201cCadernos do 3\u00b0 Mundo\u201d, que tamb\u00e9m exerceu mandatos de deputado federal e presidiu o PDT a partir de sua funda\u00e7\u00e3o.<\/p>\n<p>A segunda cartilha homenageou Lu\u00eds Carlos Prestes, o \u201cCavaleiro da Esperan\u00e7a\u201d, resgatando a sua luta pelos exclu\u00eddos do Brasil e a saga de sua coluna que marchou pelo interior do Brasil para denunciar injusti\u00e7as da elite que se alternou no poder, na Rep\u00fablica velha, trabalhando contra os reais interesses do povo brasileiro. Mostra, tamb\u00e9m, a aproxima\u00e7\u00e3o de Prestes ao Trabalhismo e ao PDT, do qual se tornou presidente de honra.<\/p>\n<p>A terceira edi\u00e7\u00e3o da s\u00e9rie \u201cMem\u00f3rias Trabalhistas\u201d, lan\u00e7ada em julho \u00faltimo, resgata a trajet\u00f3ria do pol\u00edtico carioca e catarinense de cora\u00e7\u00e3o Doutel de Andrade, um dos amigos mais pr\u00f3ximos do presidente Jo\u00e3o Goulart, que lutou at\u00e9 o \u00faltimo instante \u2013 antes de ser obrigado a partir para o ex\u00edlio \u2013 em defesa de Jango, contra o golpe de 64.<\/p>\n<p>Outras publica\u00e7\u00f5es resgatando a hist\u00f3ria de grandes l\u00edderes do Trabalhismo est\u00e3o programadas, mas j\u00e1 est\u00e3o dispon\u00edveis aqui, em PDF, os textos das tr\u00eas primeiras cartilhas publicadas \u2013 para que voc\u00ea possa baixar e fazer uma viagem pela hist\u00f3ria do Trabalhismo brasileiro.<\/p>\n<!-- AddThis Advanced Settings generic via filter on the_content --><!-- AddThis Share Buttons generic via filter on the_content -->","protected":false},"excerpt":{"rendered":"<p>Para homenagear as grandes lideran\u00e7as pol\u00edticas do Trabalhismo brasileiro, a Funda\u00e7\u00e3o Leonel Brizola \u2013 Alberto Pasqualini (FLB-AP), atrav\u00e9s do Centro de Mem\u00f3ria Trabalhista, vem publicando desde outubro do ano passado a s\u00e9rie \u201cMem\u00f3rias Trabalhistas\u201d \u2013 cartilhas de leitura f\u00e1cil para entendimento e compreens\u00e3o da vida e a obra desses l\u00edderes. A s\u00e9rie come\u00e7ou em outubro&#8230;<!-- AddThis Advanced Settings generic via filter on wp_trim_excerpt --><!-- AddThis Share Buttons generic via filter on wp_trim_excerpt --><\/p>\n","protected":false},"author":17,"featured_media":61623,"comment_status":"closed","ping_status":"closed","sticky":false,"template":"","format":"standard","meta":{"_monsterinsights_skip_tracking":false,"_monsterinsights_sitenote_active":false,"_monsterinsights_sitenote_note":"","_monsterinsights_sitenote_category":0,"_uf_show_specific_survey":0,"_uf_disable_surveys":false,"footnotes":""},"categories":[1390],"tags":[3150,3149,3140,2722,408,426,514,2986,2988,45,46],"class_list":["post-61617","post","type-post","status-publish","format-standard","has-post-thumbnail","hentry","category-editorias","tag-cadernos-do-3-mundo","tag-cavaleiro-da-esperanca","tag-centro-de-memoria-trabalhista","tag-doutel-de-andrade","tag-flb-ap","tag-fundacao-leonel-brizola-alberto-pasqualini","tag-joao-goulart","tag-luis-carlos-prestes","tag-memorias-trabalhistas","tag-neiva-moreira","tag-trabalhismo"],"acf":[],"_links":{"self":[{"href":"https:\/\/pdt-rj.org.br\/index.php\/wp-json\/wp\/v2\/posts\/61617","targetHints":{"allow":["GET"]}}],"collection":[{"href":"https:\/\/pdt-rj.org.br\/index.php\/wp-json\/wp\/v2\/posts"}],"about":[{"href":"https:\/\/pdt-rj.org.br\/index.php\/wp-json\/wp\/v2\/types\/post"}],"author":[{"embeddable":true,"href":"https:\/\/pdt-rj.org.br\/index.php\/wp-json\/wp\/v2\/users\/17"}],"replies":[{"embeddable":true,"href":"https:\/\/pdt-rj.org.br\/index.php\/wp-json\/wp\/v2\/comments?post=61617"}],"version-history":[{"count":5,"href":"https:\/\/pdt-rj.org.br\/index.php\/wp-json\/wp\/v2\/posts\/61617\/revisions"}],"predecessor-version":[{"id":61631,"href":"https:\/\/pdt-rj.org.br\/index.php\/wp-json\/wp\/v2\/posts\/61617\/revisions\/61631"}],"wp:featuredmedia":[{"embeddable":true,"href":"https:\/\/pdt-rj.org.br\/index.php\/wp-json\/wp\/v2\/media\/61623"}],"wp:attachment":[{"href":"https:\/\/pdt-rj.org.br\/index.php\/wp-json\/wp\/v2\/media?parent=61617"}],"wp:term":[{"taxonomy":"category","embeddable":true,"href":"https:\/\/pdt-rj.org.br\/index.php\/wp-json\/wp\/v2\/categories?post=61617"},{"taxonomy":"post_tag","embeddable":true,"href":"https:\/\/pdt-rj.org.br\/index.php\/wp-json\/wp\/v2\/tags?post=61617"}],"curies":[{"name":"wp","href":"https:\/\/api.w.org\/{rel}","templated":true}]}}