{"id":61563,"date":"2018-10-15T13:59:29","date_gmt":"2018-10-15T16:59:29","guid":{"rendered":"http:\/\/pdt-rj.org.br\/?p=61563"},"modified":"2018-10-18T18:16:19","modified_gmt":"2018-10-18T21:16:19","slug":"direcao-estadual-do-pdt-rj-declara-apoio-a-eduardo-paes","status":"publish","type":"post","link":"https:\/\/pdt-rj.org.br\/index.php\/direcao-estadual-do-pdt-rj-declara-apoio-a-eduardo-paes\/","title":{"rendered":"Dire\u00e7\u00e3o Estadual do PDT-RJ declara apoio a Eduardo Paes"},"content":{"rendered":"<p>A Dire\u00e7\u00e3o Estadual do PDT realiza, nesta ter\u00e7a-feira (16), \u00e0s 14h, na sede do PDT do Rio de Janeiro, ato para an\u00fancio do apoio da legenda \u00e0 candidatura de Eduardo Paes ao governo do estado. O evento tar\u00e1 a presen\u00e7a do presidente nacional do PDT, Carlos Lupi, dirigentes estaduais da legenda e\u00a0 militantes.<\/p>\n<p>Confira a nota oficial do partido:<\/p>\n<p>A Dire\u00e7\u00e3o Estadual do PDT-RJ decide, em face aos compromissos assumidos abaixo, declarar apoio \u00e0 candidatura de Eduardo Paes (DEM) no segundo turno das elei\u00e7\u00f5es ao Governo do Estado do Rio.<\/p>\n<ul>\n<li>Defesa da Democracia e das liberdades individuais<\/li>\n<li>Defesa da soberania nacional<\/li>\n<li>Respeito absoluto \u00e0 diversidade<\/li>\n<li>Desenvolver em todo estado do Rio programa de educa\u00e7\u00e3o inspirado nos Cieps, levando escola p\u00fablica, de qualidade e em tempo integral para todos os munic\u00edpios fluminenses<\/li>\n<li>N\u00e3o privatizar a Cedae.<\/li>\n<\/ul>\n<p>Entendemos que o atual momento que vive o estado do Rio exige, de todos n\u00f3s, defensores incans\u00e1veis da democracia, um Governador com experi\u00eancia comprovada em fun\u00e7\u00f5es p\u00fablicas, e, acima de tudo, que defenda as liberdades individuas e a democracia para que possamos, juntos, colocar o estado do Rio nos trilhos do desenvolvimento novamente.<\/p>\n<p>&nbsp;<\/p>\n<p style=\"text-align: center;\"><strong>Carlos Lupi<\/strong><\/p>\n<p style=\"text-align: center;\"><strong>Presidente Nacional do PDT<\/strong><\/p>\n<!-- AddThis Advanced Settings generic via filter on the_content --><!-- AddThis Share Buttons generic via filter on the_content -->","protected":false},"excerpt":{"rendered":"<p>A Dire\u00e7\u00e3o Estadual do PDT realiza, nesta ter\u00e7a-feira (16), \u00e0s 14h, na sede do PDT do Rio de Janeiro, ato para an\u00fancio do apoio da legenda \u00e0 candidatura de Eduardo Paes ao governo do estado. O evento tar\u00e1 a presen\u00e7a do presidente nacional do PDT, Carlos Lupi, dirigentes estaduais da legenda e\u00a0 militantes. Confira a&#8230;<!-- AddThis Advanced Settings generic via filter on wp_trim_excerpt --><!-- AddThis Share Buttons generic via filter on wp_trim_excerpt --><\/p>\n","protected":false},"author":17,"featured_media":61567,"comment_status":"closed","ping_status":"closed","sticky":false,"template":"","format":"standard","meta":{"_monsterinsights_skip_tracking":false,"_monsterinsights_sitenote_active":false,"_monsterinsights_sitenote_note":"","_monsterinsights_sitenote_category":0,"_uf_show_specific_survey":0,"_uf_disable_surveys":false,"footnotes":""},"categories":[1390,3029],"tags":[123,196,38],"class_list":["post-61563","post","type-post","status-publish","format-standard","has-post-thumbnail","hentry","category-editorias","category-eleicoes-2018","tag-apoio","tag-carlos-lupi","tag-pdt"],"acf":[],"_links":{"self":[{"href":"https:\/\/pdt-rj.org.br\/index.php\/wp-json\/wp\/v2\/posts\/61563","targetHints":{"allow":["GET"]}}],"collection":[{"href":"https:\/\/pdt-rj.org.br\/index.php\/wp-json\/wp\/v2\/posts"}],"about":[{"href":"https:\/\/pdt-rj.org.br\/index.php\/wp-json\/wp\/v2\/types\/post"}],"author":[{"embeddable":true,"href":"https:\/\/pdt-rj.org.br\/index.php\/wp-json\/wp\/v2\/users\/17"}],"replies":[{"embeddable":true,"href":"https:\/\/pdt-rj.org.br\/index.php\/wp-json\/wp\/v2\/comments?post=61563"}],"version-history":[{"count":7,"href":"https:\/\/pdt-rj.org.br\/index.php\/wp-json\/wp\/v2\/posts\/61563\/revisions"}],"predecessor-version":[{"id":61599,"href":"https:\/\/pdt-rj.org.br\/index.php\/wp-json\/wp\/v2\/posts\/61563\/revisions\/61599"}],"wp:featuredmedia":[{"embeddable":true,"href":"https:\/\/pdt-rj.org.br\/index.php\/wp-json\/wp\/v2\/media\/61567"}],"wp:attachment":[{"href":"https:\/\/pdt-rj.org.br\/index.php\/wp-json\/wp\/v2\/media?parent=61563"}],"wp:term":[{"taxonomy":"category","embeddable":true,"href":"https:\/\/pdt-rj.org.br\/index.php\/wp-json\/wp\/v2\/categories?post=61563"},{"taxonomy":"post_tag","embeddable":true,"href":"https:\/\/pdt-rj.org.br\/index.php\/wp-json\/wp\/v2\/tags?post=61563"}],"curies":[{"name":"wp","href":"https:\/\/api.w.org\/{rel}","templated":true}]}}