{"id":61556,"date":"2018-10-11T20:24:23","date_gmt":"2018-10-11T23:24:23","guid":{"rendered":"http:\/\/pdt-rj.org.br\/?p=61556"},"modified":"2018-11-05T12:46:47","modified_gmt":"2018-11-05T14:46:47","slug":"o-pdt-nao-faz-politica-em-troca-de-cargos","status":"publish","type":"post","link":"https:\/\/pdt-rj.org.br\/index.php\/o-pdt-nao-faz-politica-em-troca-de-cargos\/","title":{"rendered":"O PDT n\u00e3o faz pol\u00edtica em troca de cargos"},"content":{"rendered":"<p>O Partido Democr\u00e1tico Trabalhista vem a p\u00fablico reafirmar que n\u00e3o negocia princ\u00edpios, e que declarou apoio cr\u00edtico \u00e0 candidatura de Fernando Haddad, do PT, no segundo turno, para evitar o mal maior que \u00e9 a vit\u00f3ria da direita fascista que saiu do arm\u00e1rio. N\u00e3o queremos e n\u00e3o participaremos de qualquer governo futuro.<\/p>\n<p>Portanto, n\u00e3o tem qualquer veracidade nota publicada na coluna de pol\u00edtica do \u201cEstado de S\u00e3o Paulo\u201d de hoje, um dia ap\u00f3s a reuni\u00e3o deliberativa em Bras\u00edlia da Executiva nacional do PDT. Nenhum filiado ou dirigente do Partido tem autoriza\u00e7\u00e3o ou legitimidade para negociar cargos.<\/p>\n<p>O PDT tem hist\u00f3ria, compromisso com o Brasil e com o Trabalhismo. Nossa posi\u00e7\u00e3o \u00e9 de rep\u00fadio ao atraso e ao retrocesso neste grave momento da vida brasileira.<\/p>\n<p>A partir de janeiro, estaremos empenhados no fortalecimento do partido para eleger Ciro Gomes presidente nas elei\u00e7\u00f5es de 2022.<\/p>\n<p>&nbsp;<\/p>\n<p>Bras\u00edlia, 11 de outubro de 2018.<\/p>\n<p>&nbsp;<\/p>\n<p style=\"text-align: center;\"><strong>CARLOS LUPI<\/strong><br \/>\n<strong>Presidente Nacional do PDT<\/strong><\/p>\n<!-- AddThis Advanced Settings generic via filter on the_content --><!-- AddThis Share Buttons generic via filter on the_content -->","protected":false},"excerpt":{"rendered":"<p>O Partido Democr\u00e1tico Trabalhista vem a p\u00fablico reafirmar que n\u00e3o negocia princ\u00edpios, e que declarou apoio cr\u00edtico \u00e0 candidatura de Fernando Haddad, do PT, no segundo turno, para evitar o mal maior que \u00e9 a vit\u00f3ria da direita fascista que saiu do arm\u00e1rio. N\u00e3o queremos e n\u00e3o participaremos de qualquer governo futuro. Portanto, n\u00e3o tem&#8230;<!-- AddThis Advanced Settings generic via filter on wp_trim_excerpt --><!-- AddThis Share Buttons generic via filter on wp_trim_excerpt --><\/p>\n","protected":false},"author":17,"featured_media":61641,"comment_status":"closed","ping_status":"closed","sticky":false,"template":"","format":"standard","meta":{"_monsterinsights_skip_tracking":false,"_monsterinsights_sitenote_active":false,"_monsterinsights_sitenote_note":"","_monsterinsights_sitenote_category":0,"_uf_show_specific_survey":0,"_uf_disable_surveys":false,"footnotes":""},"categories":[1390],"tags":[196,220,38],"class_list":["post-61556","post","type-post","status-publish","format-standard","has-post-thumbnail","hentry","category-editorias","tag-carlos-lupi","tag-ciro-gomes","tag-pdt"],"acf":[],"_links":{"self":[{"href":"https:\/\/pdt-rj.org.br\/index.php\/wp-json\/wp\/v2\/posts\/61556","targetHints":{"allow":["GET"]}}],"collection":[{"href":"https:\/\/pdt-rj.org.br\/index.php\/wp-json\/wp\/v2\/posts"}],"about":[{"href":"https:\/\/pdt-rj.org.br\/index.php\/wp-json\/wp\/v2\/types\/post"}],"author":[{"embeddable":true,"href":"https:\/\/pdt-rj.org.br\/index.php\/wp-json\/wp\/v2\/users\/17"}],"replies":[{"embeddable":true,"href":"https:\/\/pdt-rj.org.br\/index.php\/wp-json\/wp\/v2\/comments?post=61556"}],"version-history":[{"count":7,"href":"https:\/\/pdt-rj.org.br\/index.php\/wp-json\/wp\/v2\/posts\/61556\/revisions"}],"predecessor-version":[{"id":61662,"href":"https:\/\/pdt-rj.org.br\/index.php\/wp-json\/wp\/v2\/posts\/61556\/revisions\/61662"}],"wp:featuredmedia":[{"embeddable":true,"href":"https:\/\/pdt-rj.org.br\/index.php\/wp-json\/wp\/v2\/media\/61641"}],"wp:attachment":[{"href":"https:\/\/pdt-rj.org.br\/index.php\/wp-json\/wp\/v2\/media?parent=61556"}],"wp:term":[{"taxonomy":"category","embeddable":true,"href":"https:\/\/pdt-rj.org.br\/index.php\/wp-json\/wp\/v2\/categories?post=61556"},{"taxonomy":"post_tag","embeddable":true,"href":"https:\/\/pdt-rj.org.br\/index.php\/wp-json\/wp\/v2\/tags?post=61556"}],"curies":[{"name":"wp","href":"https:\/\/api.w.org\/{rel}","templated":true}]}}