{"id":61549,"date":"2018-10-10T17:16:39","date_gmt":"2018-10-10T20:16:39","guid":{"rendered":"http:\/\/pdt-rj.org.br\/?p=61549"},"modified":"2018-10-22T12:21:06","modified_gmt":"2018-10-22T15:21:06","slug":"nota-oficial-6","status":"publish","type":"post","link":"https:\/\/pdt-rj.org.br\/index.php\/nota-oficial-6\/","title":{"rendered":"Nota Oficial"},"content":{"rendered":"<p style=\"text-align: center;\"><strong>NOTA OFICIAL<\/strong><\/p>\n<p>&nbsp;<\/p>\n<p style=\"text-align: left;\">A Executiva Nacional do PDT, reunida nesta quarta-feira (10), na sede nacional do partido, em Bras\u00edlia, declara seu apoio cr\u00edtico \u00e0 candidatura de Fernando Haddad para evitar a vit\u00f3ria das for\u00e7as mais reacion\u00e1rias e atrasadas do Brasil e a derrocada da Democracia.<\/p>\n<p>&nbsp;<\/p>\n<p style=\"text-align: center;\">Bras\u00edlia, 10 de outubro de 2018.<\/p>\n<!-- AddThis Advanced Settings generic via filter on the_content --><!-- AddThis Share Buttons generic via filter on the_content -->","protected":false},"excerpt":{"rendered":"<p>NOTA OFICIAL &nbsp; A Executiva Nacional do PDT, reunida nesta quarta-feira (10), na sede nacional do partido, em Bras\u00edlia, declara seu apoio cr\u00edtico \u00e0 candidatura de Fernando Haddad para evitar a vit\u00f3ria das for\u00e7as mais reacion\u00e1rias e atrasadas do Brasil e a derrocada da Democracia. &nbsp; Bras\u00edlia, 10 de outubro de 2018.<!-- AddThis Advanced Settings generic via filter on wp_trim_excerpt --><!-- AddThis Share Buttons generic via filter on wp_trim_excerpt --><\/p>\n","protected":false},"author":17,"featured_media":50431,"comment_status":"closed","ping_status":"closed","sticky":false,"template":"","format":"standard","meta":{"_monsterinsights_skip_tracking":false,"_monsterinsights_sitenote_active":false,"_monsterinsights_sitenote_note":"","_monsterinsights_sitenote_category":0,"_uf_show_specific_survey":0,"_uf_disable_surveys":false,"footnotes":""},"categories":[1390,3029,1401],"tags":[],"class_list":["post-61549","post","type-post","status-publish","format-standard","has-post-thumbnail","hentry","category-editorias","category-eleicoes-2018","category-nacional"],"acf":[],"_links":{"self":[{"href":"https:\/\/pdt-rj.org.br\/index.php\/wp-json\/wp\/v2\/posts\/61549","targetHints":{"allow":["GET"]}}],"collection":[{"href":"https:\/\/pdt-rj.org.br\/index.php\/wp-json\/wp\/v2\/posts"}],"about":[{"href":"https:\/\/pdt-rj.org.br\/index.php\/wp-json\/wp\/v2\/types\/post"}],"author":[{"embeddable":true,"href":"https:\/\/pdt-rj.org.br\/index.php\/wp-json\/wp\/v2\/users\/17"}],"replies":[{"embeddable":true,"href":"https:\/\/pdt-rj.org.br\/index.php\/wp-json\/wp\/v2\/comments?post=61549"}],"version-history":[{"count":6,"href":"https:\/\/pdt-rj.org.br\/index.php\/wp-json\/wp\/v2\/posts\/61549\/revisions"}],"predecessor-version":[{"id":61612,"href":"https:\/\/pdt-rj.org.br\/index.php\/wp-json\/wp\/v2\/posts\/61549\/revisions\/61612"}],"wp:featuredmedia":[{"embeddable":true,"href":"https:\/\/pdt-rj.org.br\/index.php\/wp-json\/wp\/v2\/media\/50431"}],"wp:attachment":[{"href":"https:\/\/pdt-rj.org.br\/index.php\/wp-json\/wp\/v2\/media?parent=61549"}],"wp:term":[{"taxonomy":"category","embeddable":true,"href":"https:\/\/pdt-rj.org.br\/index.php\/wp-json\/wp\/v2\/categories?post=61549"},{"taxonomy":"post_tag","embeddable":true,"href":"https:\/\/pdt-rj.org.br\/index.php\/wp-json\/wp\/v2\/tags?post=61549"}],"curies":[{"name":"wp","href":"https:\/\/api.w.org\/{rel}","templated":true}]}}