{"id":61520,"date":"2018-10-08T12:10:14","date_gmt":"2018-10-08T15:10:14","guid":{"rendered":"http:\/\/pdt-rj.org.br\/?p=61520"},"modified":"2018-10-17T18:40:17","modified_gmt":"2018-10-17T21:40:17","slug":"bancada-federal-do-pdt-cresce-e-chega-a-28-deputados","status":"publish","type":"post","link":"https:\/\/pdt-rj.org.br\/index.php\/bancada-federal-do-pdt-cresce-e-chega-a-28-deputados\/","title":{"rendered":"Bancada Federal do PDT cresce e chega a 28 deputados"},"content":{"rendered":"<p>A bancada do PDT na C\u00e2mara, na pr\u00f3xima legislatura, ter\u00e1 28 deputados federais. Com uma renova\u00e7\u00e3o de quase 55% do seu quadro, o partido reelegeu 13 deputados e 15 novos parlamentares v\u00e3o refor\u00e7ar a atua\u00e7\u00e3o pedetista em defesa dos trabalhadores, da educa\u00e7\u00e3o, da sa\u00fade, da soberania nacional e pelo desenvolvimento do pa\u00eds a partir de 2019.<\/p>\n<p>A representa\u00e7\u00e3o feminina pedetista aumentou com a elei\u00e7\u00e3o de tr\u00eas deputadas: Fl\u00e1via Morais, que se reelegeu por Goi\u00e1s, e as novatas Silvia Cristina (RO) e Tabata Amaral (SP). Entre os deputados reeleitos est\u00e3o Andr\u00e9 Figueiredo (CE), atual l\u00edder na Casa, S\u00e9rgio Vidigal(ES) e Pompeo de Mattos(RS), presidente da Comiss\u00e3o de Legisla\u00e7\u00e3o Participativa.<\/p>\n<p>Al\u00e9m dos novos e dos reeleitos, o partido elegeu tr\u00eas parlamentares que j\u00e1 exerceram mandatos e voltam \u00e0 C\u00e2mara em 2019: Gustavo Fruet (PR), Paulo Ramos (RJ) e Fl\u00e1vio Nogueira(PI).<\/p>\n<p>Confira a nova composi\u00e7\u00e3o do PDT da C\u00e2mara dos Deputados:<\/p>\n<p>Acre<br \/>\nJesus S\u00e9rgio<\/p>\n<p>Bahia<br \/>\nF\u00e9lix Mendon\u00e7a e Alex Santana.<\/p>\n<p>Cear\u00e1<br \/>\nIdilvan, Mauro Filho, Rob\u00e9rio Monteiro, Andr\u00e9 Figueiredo, Le\u00f4nidas Cristino, Eduardo Bismarck.<\/p>\n<p>Esp\u00edrito Santo<br \/>\nS\u00e9rgio Vidigal.<\/p>\n<p>Goi\u00e1s<br \/>\nFl\u00e1via Morais<\/p>\n<p>Maranh\u00e3o<br \/>\nGil Cutrim<\/p>\n<p>Mato Grosso do Sul<br \/>\nDagoberto<\/p>\n<p>Minas Gerais:<br \/>\nSubtenente Gonzaga, Mario Heringer<\/p>\n<p>Para\u00edba<br \/>\nDami\u00e3o Feliciano<\/p>\n<p>Paran\u00e1<br \/>\nGustavo Fruet<\/p>\n<p>Pernambuco<br \/>\nWolney Queiroz, T\u00falio Gadelha.<\/p>\n<p>Piau\u00ed<br \/>\nFl\u00e1vio Nogueira<\/p>\n<p>Rio de Janeiro<br \/>\nChico D\u2019angelo e Paulo Ramos<\/p>\n<p>Rio Grande do Sul<br \/>\nMarlon Santos, Pompeo de Mattos e Afonso Motta<\/p>\n<p>Rond\u00f4nia<br \/>\nSilvia Cristina<\/p>\n<p>S\u00e3o Paulo<br \/>\nTabata Amaral<\/p>\n<p>Sergipe<br \/>\nF\u00e1bio Henrique<\/p>\n<!-- AddThis Advanced Settings generic via filter on the_content --><!-- AddThis Share Buttons generic via filter on the_content -->","protected":false},"excerpt":{"rendered":"<p>A bancada do PDT na C\u00e2mara, na pr\u00f3xima legislatura, ter\u00e1 28 deputados federais. Com uma renova\u00e7\u00e3o de quase 55% do seu quadro, o partido reelegeu 13 deputados e 15 novos parlamentares v\u00e3o refor\u00e7ar a atua\u00e7\u00e3o pedetista em defesa dos trabalhadores, da educa\u00e7\u00e3o, da sa\u00fade, da soberania nacional e pelo desenvolvimento do pa\u00eds a partir de&#8230;<!-- AddThis Advanced Settings generic via filter on wp_trim_excerpt --><!-- AddThis Share Buttons generic via filter on wp_trim_excerpt --><\/p>\n","protected":false},"author":17,"featured_media":61522,"comment_status":"closed","ping_status":"closed","sticky":false,"template":"","format":"standard","meta":{"_monsterinsights_skip_tracking":false,"_monsterinsights_sitenote_active":false,"_monsterinsights_sitenote_note":"","_monsterinsights_sitenote_category":0,"_uf_show_specific_survey":0,"_uf_disable_surveys":false,"footnotes":""},"categories":[1390,1459,3029],"tags":[],"class_list":["post-61520","post","type-post","status-publish","format-standard","has-post-thumbnail","hentry","category-editorias","category-congresso","category-eleicoes-2018"],"acf":[],"_links":{"self":[{"href":"https:\/\/pdt-rj.org.br\/index.php\/wp-json\/wp\/v2\/posts\/61520","targetHints":{"allow":["GET"]}}],"collection":[{"href":"https:\/\/pdt-rj.org.br\/index.php\/wp-json\/wp\/v2\/posts"}],"about":[{"href":"https:\/\/pdt-rj.org.br\/index.php\/wp-json\/wp\/v2\/types\/post"}],"author":[{"embeddable":true,"href":"https:\/\/pdt-rj.org.br\/index.php\/wp-json\/wp\/v2\/users\/17"}],"replies":[{"embeddable":true,"href":"https:\/\/pdt-rj.org.br\/index.php\/wp-json\/wp\/v2\/comments?post=61520"}],"version-history":[{"count":3,"href":"https:\/\/pdt-rj.org.br\/index.php\/wp-json\/wp\/v2\/posts\/61520\/revisions"}],"predecessor-version":[{"id":61663,"href":"https:\/\/pdt-rj.org.br\/index.php\/wp-json\/wp\/v2\/posts\/61520\/revisions\/61663"}],"wp:featuredmedia":[{"embeddable":true,"href":"https:\/\/pdt-rj.org.br\/index.php\/wp-json\/wp\/v2\/media\/61522"}],"wp:attachment":[{"href":"https:\/\/pdt-rj.org.br\/index.php\/wp-json\/wp\/v2\/media?parent=61520"}],"wp:term":[{"taxonomy":"category","embeddable":true,"href":"https:\/\/pdt-rj.org.br\/index.php\/wp-json\/wp\/v2\/categories?post=61520"},{"taxonomy":"post_tag","embeddable":true,"href":"https:\/\/pdt-rj.org.br\/index.php\/wp-json\/wp\/v2\/tags?post=61520"}],"curies":[{"name":"wp","href":"https:\/\/api.w.org\/{rel}","templated":true}]}}