{"id":61514,"date":"2018-10-08T11:13:19","date_gmt":"2018-10-08T14:13:19","guid":{"rendered":"http:\/\/pdt-rj.org.br\/?p=61514"},"modified":"2018-10-18T19:33:30","modified_gmt":"2018-10-18T22:33:30","slug":"tulio-gadelha-mais-uma-lideranca-da-juventude-socialista-que-sai-vitoriosa-nas-urnas","status":"publish","type":"post","link":"https:\/\/pdt-rj.org.br\/index.php\/tulio-gadelha-mais-uma-lideranca-da-juventude-socialista-que-sai-vitoriosa-nas-urnas\/","title":{"rendered":"T\u00falio Gad\u00ealha \u2013 mais uma lideran\u00e7a da Juventude Socialista que sai vitoriosa nas urnas"},"content":{"rendered":"<p>Mais uma lideran\u00e7a da JS-PDT saiu vitoriosa das urnas neste domingo: T\u00falio Gad\u00ealha, 30, advogado e l\u00edder estudantil. Eleito com mais de 75 mil votos, T\u00falio chega \u00e0 C\u00e2mara Federal pela primeira vez e garante que a Educa\u00e7\u00e3o ser\u00e1 sua grande bandeira.<\/p>\n<p>Graduado em Direito, \u00e9 professor de geografia pol\u00edtica e atualidades, em um cursinho social vinculado \u00e0 Universidade Federal de Pernambuco (UFPE), e vice-presidente da Funda\u00e7\u00e3o Alberto Pasqualini, de estudos sociais e econ\u00f4micos do PDT, partido ao qual \u00e9 filiado desde 2007.<\/p>\n<p>T\u00falio ganhou notoriedade nacional ao assumir relacionamento com a apresentadora da TV Globo F\u00e1tima Bernardes.<\/p>\n<!-- AddThis Advanced Settings generic via filter on the_content --><!-- AddThis Share Buttons generic via filter on the_content -->","protected":false},"excerpt":{"rendered":"<p>Mais uma lideran\u00e7a da JS-PDT saiu vitoriosa das urnas neste domingo: T\u00falio Gad\u00ealha, 30, advogado e l\u00edder estudantil. Eleito com mais de 75 mil votos, T\u00falio chega \u00e0 C\u00e2mara Federal pela primeira vez e garante que a Educa\u00e7\u00e3o ser\u00e1 sua grande bandeira. Graduado em Direito, \u00e9 professor de geografia pol\u00edtica e atualidades, em um cursinho&#8230;<!-- AddThis Advanced Settings generic via filter on wp_trim_excerpt --><!-- AddThis Share Buttons generic via filter on wp_trim_excerpt --><\/p>\n","protected":false},"author":17,"featured_media":61515,"comment_status":"closed","ping_status":"closed","sticky":false,"template":"","format":"standard","meta":{"_monsterinsights_skip_tracking":false,"_monsterinsights_sitenote_active":false,"_monsterinsights_sitenote_note":"","_monsterinsights_sitenote_category":0,"_uf_show_specific_survey":0,"_uf_disable_surveys":false,"footnotes":""},"categories":[1390,1459,3029],"tags":[348,38,2491],"class_list":["post-61514","post","type-post","status-publish","format-standard","has-post-thumbnail","hentry","category-editorias","category-congresso","category-eleicoes-2018","tag-eleicoes-2018","tag-pdt","tag-tulio-gadelha"],"acf":[],"_links":{"self":[{"href":"https:\/\/pdt-rj.org.br\/index.php\/wp-json\/wp\/v2\/posts\/61514","targetHints":{"allow":["GET"]}}],"collection":[{"href":"https:\/\/pdt-rj.org.br\/index.php\/wp-json\/wp\/v2\/posts"}],"about":[{"href":"https:\/\/pdt-rj.org.br\/index.php\/wp-json\/wp\/v2\/types\/post"}],"author":[{"embeddable":true,"href":"https:\/\/pdt-rj.org.br\/index.php\/wp-json\/wp\/v2\/users\/17"}],"replies":[{"embeddable":true,"href":"https:\/\/pdt-rj.org.br\/index.php\/wp-json\/wp\/v2\/comments?post=61514"}],"version-history":[{"count":3,"href":"https:\/\/pdt-rj.org.br\/index.php\/wp-json\/wp\/v2\/posts\/61514\/revisions"}],"predecessor-version":[{"id":61600,"href":"https:\/\/pdt-rj.org.br\/index.php\/wp-json\/wp\/v2\/posts\/61514\/revisions\/61600"}],"wp:featuredmedia":[{"embeddable":true,"href":"https:\/\/pdt-rj.org.br\/index.php\/wp-json\/wp\/v2\/media\/61515"}],"wp:attachment":[{"href":"https:\/\/pdt-rj.org.br\/index.php\/wp-json\/wp\/v2\/media?parent=61514"}],"wp:term":[{"taxonomy":"category","embeddable":true,"href":"https:\/\/pdt-rj.org.br\/index.php\/wp-json\/wp\/v2\/categories?post=61514"},{"taxonomy":"post_tag","embeddable":true,"href":"https:\/\/pdt-rj.org.br\/index.php\/wp-json\/wp\/v2\/tags?post=61514"}],"curies":[{"name":"wp","href":"https:\/\/api.w.org\/{rel}","templated":true}]}}