{"id":61489,"date":"2018-10-05T09:40:39","date_gmt":"2018-10-05T12:40:39","guid":{"rendered":"http:\/\/pdt-rj.org.br\/?p=61489"},"modified":"2018-10-05T09:45:19","modified_gmt":"2018-10-05T12:45:19","slug":"ciro-diz-que-divisao-politica-nao-vai-permitir-que-brasil-supere-a-crise","status":"publish","type":"post","link":"https:\/\/pdt-rj.org.br\/index.php\/ciro-diz-que-divisao-politica-nao-vai-permitir-que-brasil-supere-a-crise\/","title":{"rendered":"Ciro diz que divis\u00e3o pol\u00edtica n\u00e3o vai permitir que Brasil supere a crise"},"content":{"rendered":"<p><span style=\"font-weight: 400;\">O candidato do PDT \u00e0 presid\u00eancia da Rep\u00fablica, Ciro Gomes, lamentou o fato da disputa ao Pal\u00e1cio do Planalto caminhar para o \u201cextremo\u201d. O pedetista participou, na noite desta quinta-feira (4), do debate presidencial da TV Globo, o \u00faltimo antes do primeiro turno das elei\u00e7\u00f5es.<\/span><\/p>\n<p><span style=\"font-weight: 400;\">Ciro, que abriu o primeiro bloco do programa, disse que n\u00e3o existe \u201csalvador da P\u00e1tria\u201d e que o Brasil precisa de propostas, de um projeto nacional de desenvolvimento.<\/span><\/p>\n<p><span style=\"font-weight: 400;\">\u201cO Brasil tem problemas que precisamos ajuizar. O que est\u00e1 em jogo s\u00e3o 13,7 milh\u00f5es de pessoas desempregadas; 63 milh\u00f5es com o nome no SPC. Eu acumulei ficha limpa e tenho um projeto. E afirmo, o Brasil precisa construir um novo caminho\u201d, disse o presidenci\u00e1vel.<\/span><\/p>\n<p><span style=\"font-weight: 400;\">Ao ser questionado porque um \u201csalvador da P\u00e1tria sempre d\u00e1 errado e termina em desastre e sofrimento para a popula\u00e7\u00e3o\u201d, respondeu que esta \u00e9 a hora \u201cmais grave\u201d, o choque entre duas personalidades &#8211; o lulismo e antilulismo.<\/span><\/p>\n<p><span style=\"font-weight: 400;\">\u201dCompreendo isso e pe\u00e7o a Deus que ilumine a minha palavra. N\u00e3o existe salvador da P\u00e1tria. O problema do Brasil passa tamb\u00e9m por econ\u00f4mico. \u00c9 grave e complexo o momento brasileiro\u201d, afirmou.<\/span><\/p>\n<p><span style=\"font-weight: 400;\">O candidato disse que o Brasil precisa ativar quatro motores, resolver o endividamento das fam\u00edlias, resolver o colapso do endividamento dos empres\u00e1rios, corrigir as contas p\u00fablicas e, por fim, buscar o caminho da ind\u00fastria, como petr\u00f3leo, g\u00e1s e energia, al\u00e9m da sa\u00fade.<\/span><\/p>\n<p><span style=\"font-weight: 400;\">O debate teve quatro blocos, sendo que no segundo, foram sorteados temas como custo brasil, sa\u00fade, legisla\u00e7\u00e3o trabalhista, educa\u00e7\u00e3o e meio ambiente, dentre outros. Ao ser questionado sobre como equacionar o problema entre agroneg\u00f3cio e meio ambiente, Ciro Gomes respondeu que teve o privil\u00e9gio de escolher como sua vice, \u00a0uma mulher (K\u00e1tia Abreu), a qual tem compet\u00eancia para resolver quest\u00f5es agropastoril. <\/span><\/p>\n<p><span style=\"font-weight: 400;\">\u201c\u00c9 preciso mudar o perfil econ\u00f4mico e oferecer oportunidades e alternativas aos setores mais sens\u00edveis\u201d, disse. &#8220;Se tem um pa\u00eds no mundo que pode criar harmonia entre a produ\u00e7\u00e3o e a preserva\u00e7\u00e3o de recursos naturais, esse pa\u00eds \u00e9 o Brasil&#8221;, afirmou.<\/span><\/p>\n<p><span style=\"font-weight: 400;\">No terceiro bloco, o tema das perguntas foi livre, feita entre os candidatos. Ciro foi questionado como resolver o problema das creches para as crian\u00e7as carentes. O pedetista pode, ent\u00e3o, explicar sobre sua proposta de creche em tempo integral. <\/span><\/p>\n<p><span style=\"font-weight: 400;\">&#8220;Nosso projeto para mudar a educa\u00e7\u00e3o do nosso pa\u00eds come\u00e7a pela educa\u00e7\u00e3o infantil. Vou implantar creches de tempo integral para crian\u00e7as de 0 a 3 anos&#8221;, disse. \u201cQuando governei o Cear\u00e1, sai muito orgulhoso porque sai como o governador melhor avaliado. Consegui abrir uma creche a cada dois dias de governo. Hoje, o Cear\u00e1 tem o menor \u00edndice de mortalidade infantil\u201d, complementou.<\/span><\/p>\n<p><span style=\"font-weight: 400;\">J\u00e1 no quarto e \u00faltimo bloco, Ciro foi questionado sobre a reforma da Previd\u00eancia. \u201cEla \u00e9 uma aberra\u00e7\u00e3o, uma selvageria. O problema \u00e9 que o sistema de reparti\u00e7\u00e3o est\u00e1 quebrado e precisamos criar um regime de capitaliza\u00e7\u00e3o\u201d.<\/span><\/p>\n<p><span style=\"font-weight: 400;\">Por fim, o presidenci\u00e1vel deu seu recado ao eleitor brasileiro: &#8220;H\u00e1 quatro anos nosso pa\u00eds est\u00e1 parado, paralisado por uma crise pol\u00edtica. Essa divis\u00e3o n\u00e3o vai permitir que o Brasil supere sua crise, n\u00e3o vai permitir mudar esse pa\u00eds. Pe\u00e7o humildemente uma oportunidade. Eu tenho ficha limpa, experi\u00eancia e uma proposta para resolver os problemas dos brasileiros. Ganho do Haddad e do Bolsonaro com grande folga no segundo turno, mas preciso do seu voto no primeiro&#8221;.<\/span><\/p>\n<!-- AddThis Advanced Settings generic via filter on the_content --><!-- AddThis Share Buttons generic via filter on the_content -->","protected":false},"excerpt":{"rendered":"<p>O candidato do PDT \u00e0 presid\u00eancia da Rep\u00fablica, Ciro Gomes, lamentou o fato da disputa ao Pal\u00e1cio do Planalto caminhar para o \u201cextremo\u201d. O pedetista participou, na noite desta quinta-feira (4), do debate presidencial da TV Globo, o \u00faltimo antes do primeiro turno das elei\u00e7\u00f5es. Ciro, que abriu o primeiro bloco do programa, disse que&#8230;<!-- AddThis Advanced Settings generic via filter on wp_trim_excerpt --><!-- AddThis Share Buttons generic via filter on wp_trim_excerpt --><\/p>\n","protected":false},"author":17,"featured_media":61495,"comment_status":"closed","ping_status":"closed","sticky":false,"template":"","format":"standard","meta":{"_monsterinsights_skip_tracking":false,"_monsterinsights_sitenote_active":false,"_monsterinsights_sitenote_note":"","_monsterinsights_sitenote_category":0,"_uf_show_specific_survey":0,"_uf_disable_surveys":false,"footnotes":""},"categories":[3029,975],"tags":[],"class_list":["post-61489","post","type-post","status-publish","format-standard","has-post-thumbnail","hentry","category-eleicoes-2018","category-manchete"],"acf":[],"_links":{"self":[{"href":"https:\/\/pdt-rj.org.br\/index.php\/wp-json\/wp\/v2\/posts\/61489","targetHints":{"allow":["GET"]}}],"collection":[{"href":"https:\/\/pdt-rj.org.br\/index.php\/wp-json\/wp\/v2\/posts"}],"about":[{"href":"https:\/\/pdt-rj.org.br\/index.php\/wp-json\/wp\/v2\/types\/post"}],"author":[{"embeddable":true,"href":"https:\/\/pdt-rj.org.br\/index.php\/wp-json\/wp\/v2\/users\/17"}],"replies":[{"embeddable":true,"href":"https:\/\/pdt-rj.org.br\/index.php\/wp-json\/wp\/v2\/comments?post=61489"}],"version-history":[{"count":4,"href":"https:\/\/pdt-rj.org.br\/index.php\/wp-json\/wp\/v2\/posts\/61489\/revisions"}],"predecessor-version":[{"id":61494,"href":"https:\/\/pdt-rj.org.br\/index.php\/wp-json\/wp\/v2\/posts\/61489\/revisions\/61494"}],"wp:featuredmedia":[{"embeddable":true,"href":"https:\/\/pdt-rj.org.br\/index.php\/wp-json\/wp\/v2\/media\/61495"}],"wp:attachment":[{"href":"https:\/\/pdt-rj.org.br\/index.php\/wp-json\/wp\/v2\/media?parent=61489"}],"wp:term":[{"taxonomy":"category","embeddable":true,"href":"https:\/\/pdt-rj.org.br\/index.php\/wp-json\/wp\/v2\/categories?post=61489"},{"taxonomy":"post_tag","embeddable":true,"href":"https:\/\/pdt-rj.org.br\/index.php\/wp-json\/wp\/v2\/tags?post=61489"}],"curies":[{"name":"wp","href":"https:\/\/api.w.org\/{rel}","templated":true}]}}