{"id":61457,"date":"2018-10-03T07:28:29","date_gmt":"2018-10-03T10:28:29","guid":{"rendered":"http:\/\/pdt-rj.org.br\/?p=61457"},"modified":"2018-10-05T11:58:43","modified_gmt":"2018-10-05T14:58:43","slug":"ciro-fala-sobre-ajustes-da-economia-em-encontro-com-sindicalistas","status":"publish","type":"post","link":"https:\/\/pdt-rj.org.br\/index.php\/ciro-fala-sobre-ajustes-da-economia-em-encontro-com-sindicalistas\/","title":{"rendered":"Ciro fala sobre ajustes da economia em encontro com sindicalistas"},"content":{"rendered":"<p>O candidato do PDT \u00e0 presid\u00eancia da Rep\u00fablica, Ciro Gomes, participou nesta ter\u00e7a-feira (2) de encontro com sindicalistas da Baixada Santista, em S\u00e3o Paulo. Na ocasi\u00e3o, o presidenci\u00e1vel disse que ir\u00e1 revitalizar o Porto de Santos e o parque industrial de Cubat\u00e3o.<\/p>\n<p>Durante ato de campanha na sede do sindicato dos trabalhadores rodovi\u00e1rios, ele explicou que seu projeto nacional de desenvolvimento vai gerar empregos, proteger o trabalho e fazer o pa\u00eds voltar a crescer.<\/p>\n<p>O pedetista explicou que \u00e9 preciso ajustar pontos centrais da economia, como taxa de c\u00e2mbio e juros. Caso contr\u00e1rio, n\u00e3o teria como reverter a desindustrializa\u00e7\u00e3o que afeta o pa\u00eds.<\/p>\n<p>Recentemente, Ciro apresentou a meta de criar dois milh\u00f5es de empregos no primeiro ano de seu governo, caso seja eleito.<\/p>\n<p>O presidenci\u00e1vel tamb\u00e9m j\u00e1 afirmou que o Brasil precisa de um projeto Nacional de Desenvolvimento e a necessidade de revogar a Emenda 95, que pro\u00edbe a expans\u00e3o de investimentos.<\/p>\n<!-- AddThis Advanced Settings generic via filter on the_content --><!-- AddThis Share Buttons generic via filter on the_content -->","protected":false},"excerpt":{"rendered":"<p>O candidato do PDT \u00e0 presid\u00eancia da Rep\u00fablica, Ciro Gomes, participou nesta ter\u00e7a-feira (2) de encontro com sindicalistas da Baixada Santista, em S\u00e3o Paulo. Na ocasi\u00e3o, o presidenci\u00e1vel disse que ir\u00e1 revitalizar o Porto de Santos e o parque industrial de Cubat\u00e3o. Durante ato de campanha na sede do sindicato dos trabalhadores rodovi\u00e1rios, ele explicou&#8230;<!-- AddThis Advanced Settings generic via filter on wp_trim_excerpt --><!-- AddThis Share Buttons generic via filter on wp_trim_excerpt --><\/p>\n","protected":false},"author":17,"featured_media":61458,"comment_status":"closed","ping_status":"closed","sticky":false,"template":"","format":"standard","meta":{"_monsterinsights_skip_tracking":false,"_monsterinsights_sitenote_active":false,"_monsterinsights_sitenote_note":"","_monsterinsights_sitenote_category":0,"_uf_show_specific_survey":0,"_uf_disable_surveys":false,"footnotes":""},"categories":[3029,976],"tags":[],"class_list":["post-61457","post","type-post","status-publish","format-standard","has-post-thumbnail","hentry","category-eleicoes-2018","category-noticias-em-destaque"],"acf":[],"_links":{"self":[{"href":"https:\/\/pdt-rj.org.br\/index.php\/wp-json\/wp\/v2\/posts\/61457","targetHints":{"allow":["GET"]}}],"collection":[{"href":"https:\/\/pdt-rj.org.br\/index.php\/wp-json\/wp\/v2\/posts"}],"about":[{"href":"https:\/\/pdt-rj.org.br\/index.php\/wp-json\/wp\/v2\/types\/post"}],"author":[{"embeddable":true,"href":"https:\/\/pdt-rj.org.br\/index.php\/wp-json\/wp\/v2\/users\/17"}],"replies":[{"embeddable":true,"href":"https:\/\/pdt-rj.org.br\/index.php\/wp-json\/wp\/v2\/comments?post=61457"}],"version-history":[{"count":3,"href":"https:\/\/pdt-rj.org.br\/index.php\/wp-json\/wp\/v2\/posts\/61457\/revisions"}],"predecessor-version":[{"id":61496,"href":"https:\/\/pdt-rj.org.br\/index.php\/wp-json\/wp\/v2\/posts\/61457\/revisions\/61496"}],"wp:featuredmedia":[{"embeddable":true,"href":"https:\/\/pdt-rj.org.br\/index.php\/wp-json\/wp\/v2\/media\/61458"}],"wp:attachment":[{"href":"https:\/\/pdt-rj.org.br\/index.php\/wp-json\/wp\/v2\/media?parent=61457"}],"wp:term":[{"taxonomy":"category","embeddable":true,"href":"https:\/\/pdt-rj.org.br\/index.php\/wp-json\/wp\/v2\/categories?post=61457"},{"taxonomy":"post_tag","embeddable":true,"href":"https:\/\/pdt-rj.org.br\/index.php\/wp-json\/wp\/v2\/tags?post=61457"}],"curies":[{"name":"wp","href":"https:\/\/api.w.org\/{rel}","templated":true}]}}