{"id":61359,"date":"2018-09-26T09:25:53","date_gmt":"2018-09-26T12:25:53","guid":{"rendered":"http:\/\/pdt-rj.org.br\/?p=61359"},"modified":"2018-09-26T16:13:37","modified_gmt":"2018-09-26T19:13:37","slug":"nota-2","status":"publish","type":"post","link":"https:\/\/pdt-rj.org.br\/index.php\/nota-2\/","title":{"rendered":"Nota"},"content":{"rendered":"<p>Ciro Gomes deu entrada no fim da tarde dessa ter\u00e7a-feira (25) no hospital S\u00edrio Liban\u00eas. Ap\u00f3s exames passou por um procedimento de cauteriza\u00e7\u00e3o de vasos da pr\u00f3stata. O procedimento foi realizado com sucesso pelo m\u00e9dico urologista Miguel Srougi. Por ser um procedimento simples, Ciro Gomes poder\u00e1 retornar \u00e0s suas atividades o mais breve poss\u00edvel.<\/p>\n<p>&nbsp;<\/p>\n<p>&nbsp;<\/p>\n<p>&nbsp;<\/p>\n<!-- AddThis Advanced Settings generic via filter on the_content --><!-- AddThis Share Buttons generic via filter on the_content -->","protected":false},"excerpt":{"rendered":"<p>Ciro Gomes deu entrada no fim da tarde dessa ter\u00e7a-feira (25) no hospital S\u00edrio Liban\u00eas. Ap\u00f3s exames passou por um procedimento de cauteriza\u00e7\u00e3o de vasos da pr\u00f3stata. O procedimento foi realizado com sucesso pelo m\u00e9dico urologista Miguel Srougi. Por ser um procedimento simples, Ciro Gomes poder\u00e1 retornar \u00e0s suas atividades o mais breve poss\u00edvel. &nbsp;&#8230;<!-- AddThis Advanced Settings generic via filter on wp_trim_excerpt --><!-- AddThis Share Buttons generic via filter on wp_trim_excerpt --><\/p>\n","protected":false},"author":17,"featured_media":61360,"comment_status":"closed","ping_status":"closed","sticky":false,"template":"","format":"standard","meta":{"_monsterinsights_skip_tracking":false,"_monsterinsights_sitenote_active":false,"_monsterinsights_sitenote_note":"","_monsterinsights_sitenote_category":0,"_uf_show_specific_survey":0,"_uf_disable_surveys":false,"footnotes":""},"categories":[1390,3029],"tags":[],"class_list":["post-61359","post","type-post","status-publish","format-standard","has-post-thumbnail","hentry","category-editorias","category-eleicoes-2018"],"acf":[],"_links":{"self":[{"href":"https:\/\/pdt-rj.org.br\/index.php\/wp-json\/wp\/v2\/posts\/61359","targetHints":{"allow":["GET"]}}],"collection":[{"href":"https:\/\/pdt-rj.org.br\/index.php\/wp-json\/wp\/v2\/posts"}],"about":[{"href":"https:\/\/pdt-rj.org.br\/index.php\/wp-json\/wp\/v2\/types\/post"}],"author":[{"embeddable":true,"href":"https:\/\/pdt-rj.org.br\/index.php\/wp-json\/wp\/v2\/users\/17"}],"replies":[{"embeddable":true,"href":"https:\/\/pdt-rj.org.br\/index.php\/wp-json\/wp\/v2\/comments?post=61359"}],"version-history":[{"count":9,"href":"https:\/\/pdt-rj.org.br\/index.php\/wp-json\/wp\/v2\/posts\/61359\/revisions"}],"predecessor-version":[{"id":61380,"href":"https:\/\/pdt-rj.org.br\/index.php\/wp-json\/wp\/v2\/posts\/61359\/revisions\/61380"}],"wp:featuredmedia":[{"embeddable":true,"href":"https:\/\/pdt-rj.org.br\/index.php\/wp-json\/wp\/v2\/media\/61360"}],"wp:attachment":[{"href":"https:\/\/pdt-rj.org.br\/index.php\/wp-json\/wp\/v2\/media?parent=61359"}],"wp:term":[{"taxonomy":"category","embeddable":true,"href":"https:\/\/pdt-rj.org.br\/index.php\/wp-json\/wp\/v2\/categories?post=61359"},{"taxonomy":"post_tag","embeddable":true,"href":"https:\/\/pdt-rj.org.br\/index.php\/wp-json\/wp\/v2\/tags?post=61359"}],"curies":[{"name":"wp","href":"https:\/\/api.w.org\/{rel}","templated":true}]}}