{"id":61341,"date":"2018-09-25T14:58:57","date_gmt":"2018-09-25T17:58:57","guid":{"rendered":"http:\/\/pdt-rj.org.br\/?p=61341"},"modified":"2018-09-25T15:10:07","modified_gmt":"2018-09-25T18:10:07","slug":"katia-abreu-recebe-diretrizes-de-combate-a-violencia-contra-mulher","status":"publish","type":"post","link":"https:\/\/pdt-rj.org.br\/index.php\/katia-abreu-recebe-diretrizes-de-combate-a-violencia-contra-mulher\/","title":{"rendered":"K\u00e1tia Abreu recebe diretrizes de combate \u00e0 viol\u00eancia contra mulher"},"content":{"rendered":"<p>As pol\u00edticas p\u00fablicas implantadas em Curitiba, capital do Paran\u00e1, durante a gest\u00e3o do ex-prefeito Gustavo Fruet (PDT), s\u00e3o refer\u00eancias para o Brasil. A candidata do PDT \u00e0 vice-presidente na chapa de Ciro Gomes, K\u00e1tia Abreu, recebeu das m\u00e3os de Fruet e de Roseli Isidoro as diretrizes e a\u00e7\u00f5es de combate \u00e0 viol\u00eancia contra a mulher implantadas em Curitiba entre 2013 e 2016.<\/p>\n<p>Foram a\u00e7\u00f5es efetivas que protegeram e salvaram milhares de mulheres.<\/p>\n<p>As pol\u00edticas p\u00fablicas foram entregues durante um almo\u00e7o, em Curitiba, no Restaurante Madalosso.<\/p>\n<!-- AddThis Advanced Settings generic via filter on the_content --><!-- AddThis Share Buttons generic via filter on the_content -->","protected":false},"excerpt":{"rendered":"<p>As pol\u00edticas p\u00fablicas implantadas em Curitiba, capital do Paran\u00e1, durante a gest\u00e3o do ex-prefeito Gustavo Fruet (PDT), s\u00e3o refer\u00eancias para o Brasil. A candidata do PDT \u00e0 vice-presidente na chapa de Ciro Gomes, K\u00e1tia Abreu, recebeu das m\u00e3os de Fruet e de Roseli Isidoro as diretrizes e a\u00e7\u00f5es de combate \u00e0 viol\u00eancia contra a mulher&#8230;<!-- AddThis Advanced Settings generic via filter on wp_trim_excerpt --><!-- AddThis Share Buttons generic via filter on wp_trim_excerpt --><\/p>\n","protected":false},"author":17,"featured_media":61344,"comment_status":"closed","ping_status":"closed","sticky":false,"template":"","format":"standard","meta":{"_monsterinsights_skip_tracking":false,"_monsterinsights_sitenote_active":false,"_monsterinsights_sitenote_note":"","_monsterinsights_sitenote_category":0,"_uf_show_specific_survey":0,"_uf_disable_surveys":false,"footnotes":""},"categories":[976],"tags":[220,1225,2866],"class_list":["post-61341","post","type-post","status-publish","format-standard","has-post-thumbnail","hentry","category-noticias-em-destaque","tag-ciro-gomes","tag-gustavo-fruet","tag-katia-abreu"],"acf":[],"_links":{"self":[{"href":"https:\/\/pdt-rj.org.br\/index.php\/wp-json\/wp\/v2\/posts\/61341","targetHints":{"allow":["GET"]}}],"collection":[{"href":"https:\/\/pdt-rj.org.br\/index.php\/wp-json\/wp\/v2\/posts"}],"about":[{"href":"https:\/\/pdt-rj.org.br\/index.php\/wp-json\/wp\/v2\/types\/post"}],"author":[{"embeddable":true,"href":"https:\/\/pdt-rj.org.br\/index.php\/wp-json\/wp\/v2\/users\/17"}],"replies":[{"embeddable":true,"href":"https:\/\/pdt-rj.org.br\/index.php\/wp-json\/wp\/v2\/comments?post=61341"}],"version-history":[{"count":3,"href":"https:\/\/pdt-rj.org.br\/index.php\/wp-json\/wp\/v2\/posts\/61341\/revisions"}],"predecessor-version":[{"id":61346,"href":"https:\/\/pdt-rj.org.br\/index.php\/wp-json\/wp\/v2\/posts\/61341\/revisions\/61346"}],"wp:featuredmedia":[{"embeddable":true,"href":"https:\/\/pdt-rj.org.br\/index.php\/wp-json\/wp\/v2\/media\/61344"}],"wp:attachment":[{"href":"https:\/\/pdt-rj.org.br\/index.php\/wp-json\/wp\/v2\/media?parent=61341"}],"wp:term":[{"taxonomy":"category","embeddable":true,"href":"https:\/\/pdt-rj.org.br\/index.php\/wp-json\/wp\/v2\/categories?post=61341"},{"taxonomy":"post_tag","embeddable":true,"href":"https:\/\/pdt-rj.org.br\/index.php\/wp-json\/wp\/v2\/tags?post=61341"}],"curies":[{"name":"wp","href":"https:\/\/api.w.org\/{rel}","templated":true}]}}