{"id":61336,"date":"2018-09-25T11:17:22","date_gmt":"2018-09-25T14:17:22","guid":{"rendered":"http:\/\/pdt-rj.org.br\/?p=61336"},"modified":"2018-09-26T16:17:49","modified_gmt":"2018-09-26T19:17:49","slug":"ciro-gomes-fala-sobre-cultura-em-encontro-com-artistas","status":"publish","type":"post","link":"https:\/\/pdt-rj.org.br\/index.php\/ciro-gomes-fala-sobre-cultura-em-encontro-com-artistas\/","title":{"rendered":"Ciro Gomes fala sobre cultura em encontro com artistas"},"content":{"rendered":"<p>O presidenci\u00e1vel Ciro Gomes marcou presen\u00e7a na noite desta segunda-feira (24), no Teatro Vannucci, Rio de Janeiro, em encontro com artistas.<\/p>\n<p>A conversa foi pautada por temas como cultura, pol\u00edticas p\u00fablicas e as necessidades desse setor, o qual considera t\u00e3o importante para a identidade do pa\u00eds.<\/p>\n<p>\u201cMuito bom encontrar pessoas que querem preservar a cultura do nosso pa\u00eds. Obrigado a todos os artistas que nos prestigiaram\u201d, publicou o pedetista em suas redes sociais.<\/p>\n<p>Os cantores Caetano Veloso, Tico Santa Cruz e Alcione j\u00e1 manifestaram apoio ao pedetista. A atriz Patr\u00edcia Pillar e a atleta Joanna Maranh\u00e3o tamb\u00e9m declararam apoio.<\/p>\n<p>As propostas de Ciro Gomes para a Cultura est\u00e3o dispon\u00edveis no documento \u201cDiretrizes Para Uma Estrat\u00e9gia Nacional de Desenvolvimento Para o Brasil\u201d.<\/p>\n<p>Dentre as propostas, est\u00e1 a implementa\u00e7\u00e3o de pol\u00edticas que ampliem e popularizem o acesso \u00e0 cultura e ao lazer, criando espa\u00e7os de fomento, desenvolvimento e intera\u00e7\u00e3o, e valorizando os espa\u00e7os j\u00e1 existentes, principalmente nas periferias.<\/p>\n<p>Ciro Gomes tamb\u00e9m prev\u00ea um \u201camplo debate\u201d com a classe art\u00edstica para aperfei\u00e7oamento dos objetivos e alcance da Lei Rouanet.<\/p>\n<!-- AddThis Advanced Settings generic via filter on the_content --><!-- AddThis Share Buttons generic via filter on the_content -->","protected":false},"excerpt":{"rendered":"<p>O presidenci\u00e1vel Ciro Gomes marcou presen\u00e7a na noite desta segunda-feira (24), no Teatro Vannucci, Rio de Janeiro, em encontro com artistas. A conversa foi pautada por temas como cultura, pol\u00edticas p\u00fablicas e as necessidades desse setor, o qual considera t\u00e3o importante para a identidade do pa\u00eds. \u201cMuito bom encontrar pessoas que querem preservar a cultura&#8230;<!-- AddThis Advanced Settings generic via filter on wp_trim_excerpt --><!-- AddThis Share Buttons generic via filter on wp_trim_excerpt --><\/p>\n","protected":false},"author":17,"featured_media":61337,"comment_status":"closed","ping_status":"closed","sticky":false,"template":"","format":"standard","meta":{"_monsterinsights_skip_tracking":false,"_monsterinsights_sitenote_active":false,"_monsterinsights_sitenote_note":"","_monsterinsights_sitenote_category":0,"_uf_show_specific_survey":0,"_uf_disable_surveys":false,"footnotes":""},"categories":[3029,976],"tags":[3126,2061,1134,2885,3125],"class_list":["post-61336","post","type-post","status-publish","format-standard","has-post-thumbnail","hentry","category-eleicoes-2018","category-noticias-em-destaque","tag-alcione","tag-caetano-veloso","tag-joanna-maranhao","tag-patricia-pillar","tag-tico-santa-cruz"],"acf":[],"_links":{"self":[{"href":"https:\/\/pdt-rj.org.br\/index.php\/wp-json\/wp\/v2\/posts\/61336","targetHints":{"allow":["GET"]}}],"collection":[{"href":"https:\/\/pdt-rj.org.br\/index.php\/wp-json\/wp\/v2\/posts"}],"about":[{"href":"https:\/\/pdt-rj.org.br\/index.php\/wp-json\/wp\/v2\/types\/post"}],"author":[{"embeddable":true,"href":"https:\/\/pdt-rj.org.br\/index.php\/wp-json\/wp\/v2\/users\/17"}],"replies":[{"embeddable":true,"href":"https:\/\/pdt-rj.org.br\/index.php\/wp-json\/wp\/v2\/comments?post=61336"}],"version-history":[{"count":5,"href":"https:\/\/pdt-rj.org.br\/index.php\/wp-json\/wp\/v2\/posts\/61336\/revisions"}],"predecessor-version":[{"id":61383,"href":"https:\/\/pdt-rj.org.br\/index.php\/wp-json\/wp\/v2\/posts\/61336\/revisions\/61383"}],"wp:featuredmedia":[{"embeddable":true,"href":"https:\/\/pdt-rj.org.br\/index.php\/wp-json\/wp\/v2\/media\/61337"}],"wp:attachment":[{"href":"https:\/\/pdt-rj.org.br\/index.php\/wp-json\/wp\/v2\/media?parent=61336"}],"wp:term":[{"taxonomy":"category","embeddable":true,"href":"https:\/\/pdt-rj.org.br\/index.php\/wp-json\/wp\/v2\/categories?post=61336"},{"taxonomy":"post_tag","embeddable":true,"href":"https:\/\/pdt-rj.org.br\/index.php\/wp-json\/wp\/v2\/tags?post=61336"}],"curies":[{"name":"wp","href":"https:\/\/api.w.org\/{rel}","templated":true}]}}