{"id":61310,"date":"2018-09-22T18:48:53","date_gmt":"2018-09-22T21:48:53","guid":{"rendered":"http:\/\/pdt-rj.org.br\/?p=61310"},"modified":"2018-09-22T19:02:02","modified_gmt":"2018-09-22T22:02:02","slug":"ambientalistas-educadores-e-ativistas-sociais-lancam-manifesto-de-apoio-a-nelton-friedrich","status":"publish","type":"post","link":"https:\/\/pdt-rj.org.br\/index.php\/ambientalistas-educadores-e-ativistas-sociais-lancam-manifesto-de-apoio-a-nelton-friedrich\/","title":{"rendered":"Ambientalistas, educadores e ativistas sociais lan\u00e7am manifesto de apoio a Nelton Friedrich"},"content":{"rendered":"<p>Ambientalistas, educadores e ativistas sociais lan\u00e7aram um manifesto de apoio a candidatura de <strong><a href=\"http:\/\/pdt-rj.org.br\/index.php\/nelton-friedrich\/\">Nelton Friedrich (PDT)<\/a><\/strong> ao Senado. Para eles, esta \u00e9 a oportunidade de elevar o patamar e a qualidade do quadro pol\u00edtico no Congresso Nacional. A escolha foi realizada porque o pedetista \u00e9 comprometido com a democracia de alta intensidade, com a sustentabilidade, com a justi\u00e7a social e o bem viver de todas as pessoas.<\/p>\n<p>Nelton re\u00fane as condi\u00e7\u00f5es ideais, de acordo com o manifesto, para exercer um mandato transformador, com base em suas qualidades pessoais e em sua larga experi\u00eancia como pol\u00edtico (ex-deputado federal constituinte), como gestor p\u00fablico (diretor da Itaipu Binacional por 13 anos, onde coordenou o programa Cultivando \u00c1gua Boa, reconhecido pela ONU, em 2015, como o melhor programa de gest\u00e3o de bacias hidrogr\u00e1ficas do mundo) e tamb\u00e9m como ativista em defesa das boas causas da sociedade.<\/p>\n<p>Confirma o manifesto:<\/p>\n<p><img loading=\"lazy\" decoding=\"async\" class=\"alignnone size-medium wp-image-61313\" src=\"http:\/\/pdt-rj.org.br\/wp-content\/uploads\/2018\/09\/22.09-manifesto-de-apoio-ambientalistas-8-232x300.png\" alt=\"\" width=\"232\" height=\"300\" srcset=\"https:\/\/pdt-rj.org.br\/wp-content\/uploads\/2018\/09\/22.09-manifesto-de-apoio-ambientalistas-8-232x300.png 232w, https:\/\/pdt-rj.org.br\/wp-content\/uploads\/2018\/09\/22.09-manifesto-de-apoio-ambientalistas-8-77x100.png 77w, https:\/\/pdt-rj.org.br\/wp-content\/uploads\/2018\/09\/22.09-manifesto-de-apoio-ambientalistas-8-768x994.png 768w, https:\/\/pdt-rj.org.br\/wp-content\/uploads\/2018\/09\/22.09-manifesto-de-apoio-ambientalistas-8.png 791w, https:\/\/pdt-rj.org.br\/wp-content\/uploads\/2018\/09\/22.09-manifesto-de-apoio-ambientalistas-8-70x90.png 70w\" sizes=\"auto, (max-width: 232px) 100vw, 232px\" \/><\/p>\n<!-- AddThis Advanced Settings generic via filter on the_content --><!-- AddThis Share Buttons generic via filter on the_content -->","protected":false},"excerpt":{"rendered":"<p>Ambientalistas, educadores e ativistas sociais lan\u00e7aram um manifesto de apoio a candidatura de Nelton Friedrich (PDT) ao Senado. Para eles, esta \u00e9 a oportunidade de elevar o patamar e a qualidade do quadro pol\u00edtico no Congresso Nacional. A escolha foi realizada porque o pedetista \u00e9 comprometido com a democracia de alta intensidade, com a sustentabilidade,&#8230;<!-- AddThis Advanced Settings generic via filter on wp_trim_excerpt --><!-- AddThis Share Buttons generic via filter on wp_trim_excerpt --><\/p>\n","protected":false},"author":17,"featured_media":61312,"comment_status":"closed","ping_status":"closed","sticky":false,"template":"","format":"standard","meta":{"_monsterinsights_skip_tracking":false,"_monsterinsights_sitenote_active":false,"_monsterinsights_sitenote_note":"","_monsterinsights_sitenote_category":0,"_uf_show_specific_survey":0,"_uf_disable_surveys":false,"footnotes":""},"categories":[1390,3029],"tags":[],"class_list":["post-61310","post","type-post","status-publish","format-standard","has-post-thumbnail","hentry","category-editorias","category-eleicoes-2018"],"acf":[],"_links":{"self":[{"href":"https:\/\/pdt-rj.org.br\/index.php\/wp-json\/wp\/v2\/posts\/61310","targetHints":{"allow":["GET"]}}],"collection":[{"href":"https:\/\/pdt-rj.org.br\/index.php\/wp-json\/wp\/v2\/posts"}],"about":[{"href":"https:\/\/pdt-rj.org.br\/index.php\/wp-json\/wp\/v2\/types\/post"}],"author":[{"embeddable":true,"href":"https:\/\/pdt-rj.org.br\/index.php\/wp-json\/wp\/v2\/users\/17"}],"replies":[{"embeddable":true,"href":"https:\/\/pdt-rj.org.br\/index.php\/wp-json\/wp\/v2\/comments?post=61310"}],"version-history":[{"count":3,"href":"https:\/\/pdt-rj.org.br\/index.php\/wp-json\/wp\/v2\/posts\/61310\/revisions"}],"predecessor-version":[{"id":61315,"href":"https:\/\/pdt-rj.org.br\/index.php\/wp-json\/wp\/v2\/posts\/61310\/revisions\/61315"}],"wp:featuredmedia":[{"embeddable":true,"href":"https:\/\/pdt-rj.org.br\/index.php\/wp-json\/wp\/v2\/media\/61312"}],"wp:attachment":[{"href":"https:\/\/pdt-rj.org.br\/index.php\/wp-json\/wp\/v2\/media?parent=61310"}],"wp:term":[{"taxonomy":"category","embeddable":true,"href":"https:\/\/pdt-rj.org.br\/index.php\/wp-json\/wp\/v2\/categories?post=61310"},{"taxonomy":"post_tag","embeddable":true,"href":"https:\/\/pdt-rj.org.br\/index.php\/wp-json\/wp\/v2\/tags?post=61310"}],"curies":[{"name":"wp","href":"https:\/\/api.w.org\/{rel}","templated":true}]}}