{"id":61289,"date":"2018-09-21T17:04:44","date_gmt":"2018-09-21T20:04:44","guid":{"rendered":"http:\/\/pdt-rj.org.br\/?p=61289"},"modified":"2018-09-26T09:30:45","modified_gmt":"2018-09-26T12:30:45","slug":"ciro-assina-compromisso-com-unicef-para-proteger-criancas-e-adolescentes","status":"publish","type":"post","link":"https:\/\/pdt-rj.org.br\/index.php\/ciro-assina-compromisso-com-unicef-para-proteger-criancas-e-adolescentes\/","title":{"rendered":"Ciro assina compromisso com Unicef para proteger crian\u00e7as e adolescentes"},"content":{"rendered":"<p>Durante visita \u00e0 Bras\u00edlia, o candidato \u00e0 Presid\u00eancia da Rep\u00fablica Ciro Gomes se encontrou com representantes do Unicef e se comprometeu a dar prioridade absoluta aos direitos e ao bem-estar das crian\u00e7as e dos adolescentes do pa\u00eds. Resguardar os primeiros anos de vida dos cidad\u00e3os faz parte do plano de governo do candidato que prev\u00ea uma s\u00e9rie de medidas que refor\u00e7a seu posicionamento.<\/p>\n<p>Ele acredita que tudo come\u00e7a pela educa\u00e7\u00e3o e pretende fazer um investimento maci\u00e7o na \u00e1rea. S\u00f3 assim o Brasil ser\u00e1 um pa\u00eds justo e desenvolvido, com oportunidades iguais para todos os seus cidad\u00e3os.<\/p>\n<p><strong>Educa\u00e7\u00e3o Infantil<\/strong><\/p>\n<p>Ciro vai investir na melhoria da qualidade da Educa\u00e7\u00e3o P\u00fablica e isso come\u00e7a na Educa\u00e7\u00e3o Infantil, com a implanta\u00e7\u00e3o paulatina de Creches de Tempo Integral para as crian\u00e7as de 0 a 3 anos. \u00c9 nesse per\u00edodo que se formam as aptid\u00f5es mais sofisticadas do ser humano. Ser\u00e1 criado um programa espec\u00edfico para cuidar das crian\u00e7as nessa faixa de idade.<\/p>\n<p><strong>Ensino Fundamental<\/strong><\/p>\n<p>O grande problema nessa etapa do ensino n\u00e3o \u00e9 o acesso e sim a qualidade. O governo vai investir fortemente em melhoria. A ideia \u00e9 obter no Ensino Fundamental do Brasil os mesmos resultados alcan\u00e7ados no Cear\u00e1, que tem 82 das 100 melhores escolas p\u00fablicas do Ensino Fundamental brasileiro e hoje \u00e9 refer\u00eancia nacional.<\/p>\n<p><strong>Ensino m\u00e9dio em Tempo integral<\/strong><\/p>\n<p>Outra meta \u00e9 elevar a m\u00e9dia de anos de estudo da popula\u00e7\u00e3o, introduzindo a Educa\u00e7\u00e3o de Tempo Integral\u00a0no Ensino M\u00e9dio e fazendo da escola um local de aprendizado, desenvolvimento esportivo, art\u00edstico e social, divers\u00e3o e lazer, reduzindo assim a grave evas\u00e3o que existe hoje, premiando as escolas em que a evas\u00e3o for reduzida e o desempenho dos alunos, melhorado.<\/p>\n<p><strong>Reconhecimento<\/strong><\/p>\n<p>O programa de governo tamb\u00e9m prev\u00ea recompensar quem cuida e educa as crian\u00e7as e adolescentes. Se eleito, Ciro vai criar uma pol\u00edtica educacional para reconhecer e valorizar o professor, o diretor e o gestor do Ensino.<\/p>\n<!-- AddThis Advanced Settings generic via filter on the_content --><!-- AddThis Share Buttons generic via filter on the_content -->","protected":false},"excerpt":{"rendered":"<p>Durante visita \u00e0 Bras\u00edlia, o candidato \u00e0 Presid\u00eancia da Rep\u00fablica Ciro Gomes se encontrou com representantes do Unicef e se comprometeu a dar prioridade absoluta aos direitos e ao bem-estar das crian\u00e7as e dos adolescentes do pa\u00eds. Resguardar os primeiros anos de vida dos cidad\u00e3os faz parte do plano de governo do candidato que prev\u00ea&#8230;<!-- AddThis Advanced Settings generic via filter on wp_trim_excerpt --><!-- AddThis Share Buttons generic via filter on wp_trim_excerpt --><\/p>\n","protected":false},"author":17,"featured_media":61290,"comment_status":"closed","ping_status":"closed","sticky":false,"template":"","format":"standard","meta":{"_monsterinsights_skip_tracking":false,"_monsterinsights_sitenote_active":false,"_monsterinsights_sitenote_note":"","_monsterinsights_sitenote_category":0,"_uf_show_specific_survey":0,"_uf_disable_surveys":false,"footnotes":""},"categories":[1390,3029],"tags":[220,3122,2064,1769,1295,2301],"class_list":["post-61289","post","type-post","status-publish","format-standard","has-post-thumbnail","hentry","category-editorias","category-eleicoes-2018","tag-ciro-gomes","tag-educacao-de-tempo-integral","tag-educacao-infantil","tag-ensino-medio","tag-escola-de-tempo-integral","tag-unicef"],"acf":[],"_links":{"self":[{"href":"https:\/\/pdt-rj.org.br\/index.php\/wp-json\/wp\/v2\/posts\/61289","targetHints":{"allow":["GET"]}}],"collection":[{"href":"https:\/\/pdt-rj.org.br\/index.php\/wp-json\/wp\/v2\/posts"}],"about":[{"href":"https:\/\/pdt-rj.org.br\/index.php\/wp-json\/wp\/v2\/types\/post"}],"author":[{"embeddable":true,"href":"https:\/\/pdt-rj.org.br\/index.php\/wp-json\/wp\/v2\/users\/17"}],"replies":[{"embeddable":true,"href":"https:\/\/pdt-rj.org.br\/index.php\/wp-json\/wp\/v2\/comments?post=61289"}],"version-history":[{"count":4,"href":"https:\/\/pdt-rj.org.br\/index.php\/wp-json\/wp\/v2\/posts\/61289\/revisions"}],"predecessor-version":[{"id":61364,"href":"https:\/\/pdt-rj.org.br\/index.php\/wp-json\/wp\/v2\/posts\/61289\/revisions\/61364"}],"wp:featuredmedia":[{"embeddable":true,"href":"https:\/\/pdt-rj.org.br\/index.php\/wp-json\/wp\/v2\/media\/61290"}],"wp:attachment":[{"href":"https:\/\/pdt-rj.org.br\/index.php\/wp-json\/wp\/v2\/media?parent=61289"}],"wp:term":[{"taxonomy":"category","embeddable":true,"href":"https:\/\/pdt-rj.org.br\/index.php\/wp-json\/wp\/v2\/categories?post=61289"},{"taxonomy":"post_tag","embeddable":true,"href":"https:\/\/pdt-rj.org.br\/index.php\/wp-json\/wp\/v2\/tags?post=61289"}],"curies":[{"name":"wp","href":"https:\/\/api.w.org\/{rel}","templated":true}]}}