{"id":61270,"date":"2018-09-21T12:02:56","date_gmt":"2018-09-21T15:02:56","guid":{"rendered":"http:\/\/pdt-rj.org.br\/?p=61270"},"modified":"2018-09-22T01:50:56","modified_gmt":"2018-09-22T04:50:56","slug":"brasil-precisa-ter-autonomia-na-producao-de-remedios-diz-ciro","status":"publish","type":"post","link":"https:\/\/pdt-rj.org.br\/index.php\/brasil-precisa-ter-autonomia-na-producao-de-remedios-diz-ciro\/","title":{"rendered":"\u201cBrasil precisa ter autonomia na produ\u00e7\u00e3o de rem\u00e9dios\u201d, diz Ciro"},"content":{"rendered":"<p>O candidato \u00e0 Presid\u00eancia da Rep\u00fablica do PDT, <strong><a href=\"https:\/\/www.cirogomes.com.br\/\">Ciro Gomes<\/a><\/strong>, participou na noite desta quinta-feira (20), em S\u00e3o Paulo, do debate na TV Aparecida, organizado pela Confer\u00eancia Nacional dos Bispos (CNBB).<\/p>\n<p>Entre as propostas apresentadas durante o encontro, o pedetista disse que vai modificar o sistema de distribui\u00e7\u00e3o de rem\u00e9dios e que o Pais precisa celebrar um novo projeto industrial de produ\u00e7\u00e3o de medicamentos.<\/p>\n<p>&#8220;O Brasil precisa celebrar um novo projeto industrial para ganhar autonomia na produ\u00e7\u00e3o de insumos para a sa\u00fade, deixando de comprar l\u00e1 fora, com dinheiro dos brasileiros, que poderia gerar empregos aqui&#8221;, disse. &#8220;O Brasil precisa ter autonomia na produ\u00e7\u00e3o de rem\u00e9dios. N\u00f3s vamos fazer&#8221;, afirmou.<\/p>\n<p>O candidato citou que a aten\u00e7\u00e3o b\u00e1sica acaba n\u00e3o tendo o melhor resultado por dois\u00a0 problemas: a distribui\u00e7\u00e3o de rem\u00e9dios\u00a0 &#8211;\u00a0 n\u00e3o s\u00f3 os de alta linhagem, e a falta de acesso a especialistas e a exames mais sofisticados.<\/p>\n<p>Ciro exp\u00f4s que a ideia \u00e9 centralizar toda licita\u00e7\u00e3o de rem\u00e9dios, unindo cons\u00f3rcios de\u00a0 munic\u00edpios ou todos os munic\u00edpios e o estado, fazendo com que\u00a0 essas licita\u00e7\u00f5es acompanhem os fluxos por onde os medicamentos saem.<\/p>\n<p>O pedetista disse que pretende disponibilizar um pr\u00eamio para cada unidade b\u00e1sica de sa\u00fade que cumprir metas objetivas de satisfa\u00e7\u00e3o do usu\u00e1rio e metas objetivas de preven\u00e7\u00e3o.<\/p>\n<p>\u201cA maior angustia das m\u00e3es \u00e9 precisar da sa\u00fade p\u00fablica e ficar em filas e n\u00e3o serem atendidas. Vamos disponibilizar um pr\u00eamio para a unidade b\u00e1sica de sa\u00fade que cumprir metas de desempenho. \u00c9 o usu\u00e1rio que vai dizer se foi bem atendido\u201d.<\/p>\n<p>Em outra frente, o presidenci\u00e1vel falou sobre a agricultura familiar e a necessidade de investir, inovar e incentivar, principalmente pela gera\u00e7\u00e3o de empregos.<\/p>\n<p>Afirmou que vai reduzir os impostos para os mais pobres e a classe m\u00e9dia e aumentar para os mais ricos e tamb\u00e9m\u00a0 o compromisso de promover uma reforma urbana no Brasil.<\/p>\n<p>\u201cS\u00e3o milh\u00f5es de im\u00f3veis vazios no Brasil. E milh\u00f5es de brasileiros sem casa. Vamos buscar garantir moradia digna a todos\u201d, disse.<\/p>\n<!-- AddThis Advanced Settings generic via filter on the_content --><!-- AddThis Share Buttons generic via filter on the_content -->","protected":false},"excerpt":{"rendered":"<p>O candidato \u00e0 Presid\u00eancia da Rep\u00fablica do PDT, Ciro Gomes, participou na noite desta quinta-feira (20), em S\u00e3o Paulo, do debate na TV Aparecida, organizado pela Confer\u00eancia Nacional dos Bispos (CNBB). Entre as propostas apresentadas durante o encontro, o pedetista disse que vai modificar o sistema de distribui\u00e7\u00e3o de rem\u00e9dios e que o Pais precisa&#8230;<!-- AddThis Advanced Settings generic via filter on wp_trim_excerpt --><!-- AddThis Share Buttons generic via filter on wp_trim_excerpt --><\/p>\n","protected":false},"author":17,"featured_media":61271,"comment_status":"closed","ping_status":"closed","sticky":false,"template":"","format":"standard","meta":{"_monsterinsights_skip_tracking":false,"_monsterinsights_sitenote_active":false,"_monsterinsights_sitenote_note":"","_monsterinsights_sitenote_category":0,"_uf_show_specific_survey":0,"_uf_disable_surveys":false,"footnotes":""},"categories":[3029,976],"tags":[],"class_list":["post-61270","post","type-post","status-publish","format-standard","has-post-thumbnail","hentry","category-eleicoes-2018","category-noticias-em-destaque"],"acf":[],"_links":{"self":[{"href":"https:\/\/pdt-rj.org.br\/index.php\/wp-json\/wp\/v2\/posts\/61270","targetHints":{"allow":["GET"]}}],"collection":[{"href":"https:\/\/pdt-rj.org.br\/index.php\/wp-json\/wp\/v2\/posts"}],"about":[{"href":"https:\/\/pdt-rj.org.br\/index.php\/wp-json\/wp\/v2\/types\/post"}],"author":[{"embeddable":true,"href":"https:\/\/pdt-rj.org.br\/index.php\/wp-json\/wp\/v2\/users\/17"}],"replies":[{"embeddable":true,"href":"https:\/\/pdt-rj.org.br\/index.php\/wp-json\/wp\/v2\/comments?post=61270"}],"version-history":[{"count":3,"href":"https:\/\/pdt-rj.org.br\/index.php\/wp-json\/wp\/v2\/posts\/61270\/revisions"}],"predecessor-version":[{"id":61287,"href":"https:\/\/pdt-rj.org.br\/index.php\/wp-json\/wp\/v2\/posts\/61270\/revisions\/61287"}],"wp:featuredmedia":[{"embeddable":true,"href":"https:\/\/pdt-rj.org.br\/index.php\/wp-json\/wp\/v2\/media\/61271"}],"wp:attachment":[{"href":"https:\/\/pdt-rj.org.br\/index.php\/wp-json\/wp\/v2\/media?parent=61270"}],"wp:term":[{"taxonomy":"category","embeddable":true,"href":"https:\/\/pdt-rj.org.br\/index.php\/wp-json\/wp\/v2\/categories?post=61270"},{"taxonomy":"post_tag","embeddable":true,"href":"https:\/\/pdt-rj.org.br\/index.php\/wp-json\/wp\/v2\/tags?post=61270"}],"curies":[{"name":"wp","href":"https:\/\/api.w.org\/{rel}","templated":true}]}}