{"id":61252,"date":"2018-09-19T20:11:49","date_gmt":"2018-09-19T23:11:49","guid":{"rendered":"http:\/\/pdt-rj.org.br\/?p=61252"},"modified":"2018-09-22T17:25:31","modified_gmt":"2018-09-22T20:25:31","slug":"ciro-gomes-ganha-apoio-das-centrais-sindicais","status":"publish","type":"post","link":"https:\/\/pdt-rj.org.br\/index.php\/ciro-gomes-ganha-apoio-das-centrais-sindicais\/","title":{"rendered":"Ciro Gomes ganha apoio das Centrais Sindicais"},"content":{"rendered":"<p><span style=\"font-weight: 400;\">As Centrais Sindicais anunciaram nesta quarta-feira (19) apoio \u00e0 candidatura de <strong>Ciro Gomes<\/strong> \u00e0 Presid\u00eancia da Rep\u00fablica. O an\u00fancio foi feito na sede do Sindicato dos Metal\u00fargicos de S\u00e3o Paulo.<\/span><\/p>\n<p><span style=\"font-weight: 400;\">Participaram do evento dirigentes da For\u00e7a Sindical, Uni\u00e3o Geral dos Trabalhadores (UGT), Nova Central Sindical e Confedera\u00e7\u00e3o dos Sindicatos Brasileiros (CSB).<\/span><\/p>\n<p><span style=\"font-weight: 400;\">&#8220;Quero falar da minha gratid\u00e3o por esse momento. Acredito mesmo que o sinal de quatro entidades sindicais, das cinco mais importantes do Pa\u00eds, com mais de seiscentos sindicatos que representam milh\u00f5es de trabalhadores, fazerem um gesto de generosidade comigo e de comprometimento com o futuro do Brasil, \u00a0isso n\u00e3o tenho d\u00favida, vai garantir a nossa elei\u00e7\u00e3o. E n\u00f3s vamos para cima e revogar todas essas impertin\u00eancias e substitu\u00ed-las por um projeto novo que valorize quem trabalha&#8221;, disse o pedetista. <\/span><\/p>\n<p><span style=\"font-weight: 400;\">Ciro reiterou que \u00a0pretende unir o Brasil e encerrar a \u201ccr\u00f4nica\u201d de viol\u00eancia e de \u00f3dio que tem intrigado a sociedade brasileira. \u00a0&#8220;Mas veja bem, eu tenho um lado e ele \u00e9 do mais pobre, \u00e9 minha voca\u00e7\u00e3o, \u00e9 minha vida&#8221;, disse, ressaltando ter conhecimento, tamb\u00e9m, da situa\u00e7\u00e3o dos setores que puxam a economia brasileira.<\/span><\/p>\n<p><span style=\"font-weight: 400;\">Aos sindicalistas, mencionou o fechamento de estabelecimentos comerciais e de ind\u00fastrias por conta da pol\u00edtica econ\u00f4mica. Por isso, ressaltou a import\u00e2ncia de mudan\u00e7a e de um projeto nacional de desenvolvimento. Falou sobre o n\u00famero de desempregados e de sua proposta de tirar o nome dos brasileiros que est\u00e3o negativados no SPC.<\/span><\/p>\n<p>&nbsp;<\/p>\n<!-- AddThis Advanced Settings generic via filter on the_content --><!-- AddThis Share Buttons generic via filter on the_content -->","protected":false},"excerpt":{"rendered":"<p>As Centrais Sindicais anunciaram nesta quarta-feira (19) apoio \u00e0 candidatura de Ciro Gomes \u00e0 Presid\u00eancia da Rep\u00fablica. O an\u00fancio foi feito na sede do Sindicato dos Metal\u00fargicos de S\u00e3o Paulo. Participaram do evento dirigentes da For\u00e7a Sindical, Uni\u00e3o Geral dos Trabalhadores (UGT), Nova Central Sindical e Confedera\u00e7\u00e3o dos Sindicatos Brasileiros (CSB). &#8220;Quero falar da minha&#8230;<!-- AddThis Advanced Settings generic via filter on wp_trim_excerpt --><!-- AddThis Share Buttons generic via filter on wp_trim_excerpt --><\/p>\n","protected":false},"author":17,"featured_media":61254,"comment_status":"closed","ping_status":"closed","sticky":false,"template":"","format":"standard","meta":{"_monsterinsights_skip_tracking":false,"_monsterinsights_sitenote_active":false,"_monsterinsights_sitenote_note":"","_monsterinsights_sitenote_category":0,"_uf_show_specific_survey":0,"_uf_disable_surveys":false,"footnotes":""},"categories":[1390,3029],"tags":[],"class_list":["post-61252","post","type-post","status-publish","format-standard","has-post-thumbnail","hentry","category-editorias","category-eleicoes-2018"],"acf":[],"_links":{"self":[{"href":"https:\/\/pdt-rj.org.br\/index.php\/wp-json\/wp\/v2\/posts\/61252","targetHints":{"allow":["GET"]}}],"collection":[{"href":"https:\/\/pdt-rj.org.br\/index.php\/wp-json\/wp\/v2\/posts"}],"about":[{"href":"https:\/\/pdt-rj.org.br\/index.php\/wp-json\/wp\/v2\/types\/post"}],"author":[{"embeddable":true,"href":"https:\/\/pdt-rj.org.br\/index.php\/wp-json\/wp\/v2\/users\/17"}],"replies":[{"embeddable":true,"href":"https:\/\/pdt-rj.org.br\/index.php\/wp-json\/wp\/v2\/comments?post=61252"}],"version-history":[{"count":6,"href":"https:\/\/pdt-rj.org.br\/index.php\/wp-json\/wp\/v2\/posts\/61252\/revisions"}],"predecessor-version":[{"id":61306,"href":"https:\/\/pdt-rj.org.br\/index.php\/wp-json\/wp\/v2\/posts\/61252\/revisions\/61306"}],"wp:featuredmedia":[{"embeddable":true,"href":"https:\/\/pdt-rj.org.br\/index.php\/wp-json\/wp\/v2\/media\/61254"}],"wp:attachment":[{"href":"https:\/\/pdt-rj.org.br\/index.php\/wp-json\/wp\/v2\/media?parent=61252"}],"wp:term":[{"taxonomy":"category","embeddable":true,"href":"https:\/\/pdt-rj.org.br\/index.php\/wp-json\/wp\/v2\/categories?post=61252"},{"taxonomy":"post_tag","embeddable":true,"href":"https:\/\/pdt-rj.org.br\/index.php\/wp-json\/wp\/v2\/tags?post=61252"}],"curies":[{"name":"wp","href":"https:\/\/api.w.org\/{rel}","templated":true}]}}