{"id":61240,"date":"2018-09-18T18:39:36","date_gmt":"2018-09-18T21:39:36","guid":{"rendered":"http:\/\/pdt-rj.org.br\/?p=61240"},"modified":"2018-09-19T18:40:05","modified_gmt":"2018-09-19T21:40:05","slug":"assis-do-couto-recebe-1o-premio-getulio-vargas-por-atuacao-em-defesa-do-trabalhador","status":"publish","type":"post","link":"https:\/\/pdt-rj.org.br\/index.php\/assis-do-couto-recebe-1o-premio-getulio-vargas-por-atuacao-em-defesa-do-trabalhador\/","title":{"rendered":"Assis do Couto recebe 1\u00ba Pr\u00eamio \u201cGet\u00falio Vargas\u201d por atua\u00e7\u00e3o em defesa do trabalhador"},"content":{"rendered":"<p>O deputado federal Assis do Couto (PDT-PR) foi homenageado nesta segunda-feira (17) com o 1\u00ba Pr\u00eamio Get\u00falio Vargas, em reconhecimento a sua atua\u00e7\u00e3o em defesa dos trabalhadores. A escolha dos premiados foi feita com base no cruzamento de dados do Departamento Intersindical de Assessoria Parlamentar (Diap), que mostrou que, entre os 30 deputados federais do Paran\u00e1, Assis foi um dos \u00fanicos que sempre votou em favor dos trabalhadores em momentos decisivos como a Reforma Trabalhista, a Lei da Terceiriza\u00e7\u00e3o, a PEC do Teto dos Gastos P\u00fablicos, a entrega do Pr\u00e9-Sal, a Medida Provis\u00f3ria das Petroleiras e o Distrit\u00e3o.<\/p>\n<p>\u201cPara mim \u00e9 uma honra receber esse pr\u00eamio. Estou no meu quarto mandato e tenho a convic\u00e7\u00e3o de nunca ter tra\u00eddo o trabalhador. Receber este pr\u00eamio valoriza n\u00e3o s\u00f3 um passado de luta em defesa do trabalhador, mas tamb\u00e9m simboliza o compromisso de continuar firme nestas posi\u00e7\u00f5es\u201d, destacou Assis do Couto ao assegurar que jamais votar\u00e1 contra os trabalhadores enquanto estiver na pol\u00edtica\u201d.<\/p>\n<p>O Pr\u00eamio Get\u00falio Vargas \u00e9 uma iniciativa da For\u00e7a Sindical do Paran\u00e1, entidade que representa cerca de 1 milh\u00e3o de trabalhadores no Paran\u00e1. De acordo com o presidente da entidade, S\u00e9rgio Butka, o Pr\u00eamio \u201cGet\u00falio Vargas\u201d tem como grande objetivo prestigiar os parceiros, n\u00e3o apenas denunciando quem est\u00e1 contra os trabalhadores, mas, principalmente, valorizando de forma contundente quem esteve ao lado do trabalhador nestes \u00faltimos anos.<\/p>\n<p>O Pr\u00eamio ir\u00e1 ocorrer ao final de cada Legislatura, portanto, a pr\u00f3xima edi\u00e7\u00e3o ser\u00e1 realizada em 2022. A cerim\u00f4nia de entrega do Pr\u00eamio foi realizada na Sede do Sindicato dos Metal\u00fargicos da Grande Curitiba.<\/p>\n<!-- AddThis Advanced Settings generic via filter on the_content --><!-- AddThis Share Buttons generic via filter on the_content -->","protected":false},"excerpt":{"rendered":"<p>O deputado federal Assis do Couto (PDT-PR) foi homenageado nesta segunda-feira (17) com o 1\u00ba Pr\u00eamio Get\u00falio Vargas, em reconhecimento a sua atua\u00e7\u00e3o em defesa dos trabalhadores. A escolha dos premiados foi feita com base no cruzamento de dados do Departamento Intersindical de Assessoria Parlamentar (Diap), que mostrou que, entre os 30 deputados federais do&#8230;<!-- AddThis Advanced Settings generic via filter on wp_trim_excerpt --><!-- AddThis Share Buttons generic via filter on wp_trim_excerpt --><\/p>\n","protected":false},"author":17,"featured_media":61241,"comment_status":"closed","ping_status":"closed","sticky":false,"template":"","format":"standard","meta":{"_monsterinsights_skip_tracking":false,"_monsterinsights_sitenote_active":false,"_monsterinsights_sitenote_note":"","_monsterinsights_sitenote_category":0,"_uf_show_specific_survey":0,"_uf_disable_surveys":false,"footnotes":""},"categories":[1390,3029],"tags":[3118,137],"class_list":["post-61240","post","type-post","status-publish","format-standard","has-post-thumbnail","hentry","category-editorias","category-eleicoes-2018","tag-1o-premio-getulio-vargas","tag-assis-do-couto"],"acf":[],"_links":{"self":[{"href":"https:\/\/pdt-rj.org.br\/index.php\/wp-json\/wp\/v2\/posts\/61240","targetHints":{"allow":["GET"]}}],"collection":[{"href":"https:\/\/pdt-rj.org.br\/index.php\/wp-json\/wp\/v2\/posts"}],"about":[{"href":"https:\/\/pdt-rj.org.br\/index.php\/wp-json\/wp\/v2\/types\/post"}],"author":[{"embeddable":true,"href":"https:\/\/pdt-rj.org.br\/index.php\/wp-json\/wp\/v2\/users\/17"}],"replies":[{"embeddable":true,"href":"https:\/\/pdt-rj.org.br\/index.php\/wp-json\/wp\/v2\/comments?post=61240"}],"version-history":[{"count":2,"href":"https:\/\/pdt-rj.org.br\/index.php\/wp-json\/wp\/v2\/posts\/61240\/revisions"}],"predecessor-version":[{"id":61243,"href":"https:\/\/pdt-rj.org.br\/index.php\/wp-json\/wp\/v2\/posts\/61240\/revisions\/61243"}],"wp:featuredmedia":[{"embeddable":true,"href":"https:\/\/pdt-rj.org.br\/index.php\/wp-json\/wp\/v2\/media\/61241"}],"wp:attachment":[{"href":"https:\/\/pdt-rj.org.br\/index.php\/wp-json\/wp\/v2\/media?parent=61240"}],"wp:term":[{"taxonomy":"category","embeddable":true,"href":"https:\/\/pdt-rj.org.br\/index.php\/wp-json\/wp\/v2\/categories?post=61240"},{"taxonomy":"post_tag","embeddable":true,"href":"https:\/\/pdt-rj.org.br\/index.php\/wp-json\/wp\/v2\/tags?post=61240"}],"curies":[{"name":"wp","href":"https:\/\/api.w.org\/{rel}","templated":true}]}}