{"id":61227,"date":"2018-09-19T17:51:34","date_gmt":"2018-09-19T20:51:34","guid":{"rendered":"http:\/\/pdt-rj.org.br\/?p=61227"},"modified":"2018-09-19T18:12:34","modified_gmt":"2018-09-19T21:12:34","slug":"a-saida-do-brasil-esta-na-inteligencia-diz-ciro-em-encontro-com-comunidade-cientifica","status":"publish","type":"post","link":"https:\/\/pdt-rj.org.br\/index.php\/a-saida-do-brasil-esta-na-inteligencia-diz-ciro-em-encontro-com-comunidade-cientifica\/","title":{"rendered":"\u201cA sa\u00edda do Brasil est\u00e1 na intelig\u00eancia\u201d diz Ciro em encontro com comunidade cient\u00edfica"},"content":{"rendered":"<p>Em debate com representantes da comunidade cient\u00edfica na sede da Sociedade Brasileira para o Progresso da Ci\u00eancia (SBPC), o candidato \u00e0 Presid\u00eancia da Rep\u00fablica, Ciro Gomes, explicou suas propostas para ci\u00eancia, tecnologia e inova\u00e7\u00e3o e refor\u00e7ou a import\u00e2ncia da revoga\u00e7\u00e3o da emenda 95 que imp\u00f5e um teto de gastos nos pr\u00f3ximos 20 anos para setores como educa\u00e7\u00e3o, sa\u00fade e cultura.<\/p>\n<p>O encontro foi mediado pelo presidente da SBPC Ildeu de Castro Moreira na regi\u00e3o central de S\u00e3o Paulo.\u00a0Na ocasi\u00e3o, o candidato recebeu um documento com uma s\u00e9rie de pedidos da entidade e se comprometeu em investir na pesquisa cient\u00edfica.<\/p>\n<p>Ciro tamb\u00e9m falou que pretende recriar o minist\u00e9rio de Ci\u00eancia e Tecnologia.<\/p>\n<p>\u201cO Brasil tem problemas estruturais e de conjuntura absolutamente graves e precisa desesperadamente discutir um conjunto estrat\u00e9gico de valores e ideias ao redor de um projeto nacional de desenvolvimento\u201d, afirmou.<\/p>\n<!-- AddThis Advanced Settings generic via filter on the_content --><!-- AddThis Share Buttons generic via filter on the_content -->","protected":false},"excerpt":{"rendered":"<p>Em debate com representantes da comunidade cient\u00edfica na sede da Sociedade Brasileira para o Progresso da Ci\u00eancia (SBPC), o candidato \u00e0 Presid\u00eancia da Rep\u00fablica, Ciro Gomes, explicou suas propostas para ci\u00eancia, tecnologia e inova\u00e7\u00e3o e refor\u00e7ou a import\u00e2ncia da revoga\u00e7\u00e3o da emenda 95 que imp\u00f5e um teto de gastos nos pr\u00f3ximos 20 anos para setores&#8230;<!-- AddThis Advanced Settings generic via filter on wp_trim_excerpt --><!-- AddThis Share Buttons generic via filter on wp_trim_excerpt --><\/p>\n","protected":false},"author":17,"featured_media":61229,"comment_status":"closed","ping_status":"closed","sticky":false,"template":"","format":"standard","meta":{"_monsterinsights_skip_tracking":false,"_monsterinsights_sitenote_active":false,"_monsterinsights_sitenote_note":"","_monsterinsights_sitenote_category":0,"_uf_show_specific_survey":0,"_uf_disable_surveys":false,"footnotes":""},"categories":[976],"tags":[3115,220,3099,495,904],"class_list":["post-61227","post","type-post","status-publish","format-standard","has-post-thumbnail","hentry","category-noticias-em-destaque","tag-ciencia","tag-ciro-gomes","tag-emenda-95","tag-inovacao","tag-tecnologia"],"acf":[],"_links":{"self":[{"href":"https:\/\/pdt-rj.org.br\/index.php\/wp-json\/wp\/v2\/posts\/61227","targetHints":{"allow":["GET"]}}],"collection":[{"href":"https:\/\/pdt-rj.org.br\/index.php\/wp-json\/wp\/v2\/posts"}],"about":[{"href":"https:\/\/pdt-rj.org.br\/index.php\/wp-json\/wp\/v2\/types\/post"}],"author":[{"embeddable":true,"href":"https:\/\/pdt-rj.org.br\/index.php\/wp-json\/wp\/v2\/users\/17"}],"replies":[{"embeddable":true,"href":"https:\/\/pdt-rj.org.br\/index.php\/wp-json\/wp\/v2\/comments?post=61227"}],"version-history":[{"count":4,"href":"https:\/\/pdt-rj.org.br\/index.php\/wp-json\/wp\/v2\/posts\/61227\/revisions"}],"predecessor-version":[{"id":61234,"href":"https:\/\/pdt-rj.org.br\/index.php\/wp-json\/wp\/v2\/posts\/61227\/revisions\/61234"}],"wp:featuredmedia":[{"embeddable":true,"href":"https:\/\/pdt-rj.org.br\/index.php\/wp-json\/wp\/v2\/media\/61229"}],"wp:attachment":[{"href":"https:\/\/pdt-rj.org.br\/index.php\/wp-json\/wp\/v2\/media?parent=61227"}],"wp:term":[{"taxonomy":"category","embeddable":true,"href":"https:\/\/pdt-rj.org.br\/index.php\/wp-json\/wp\/v2\/categories?post=61227"},{"taxonomy":"post_tag","embeddable":true,"href":"https:\/\/pdt-rj.org.br\/index.php\/wp-json\/wp\/v2\/tags?post=61227"}],"curies":[{"name":"wp","href":"https:\/\/api.w.org\/{rel}","templated":true}]}}