{"id":61220,"date":"2018-09-19T16:40:07","date_gmt":"2018-09-19T19:40:07","guid":{"rendered":"http:\/\/pdt-rj.org.br\/?p=61220"},"modified":"2018-09-19T20:14:08","modified_gmt":"2018-09-19T23:14:08","slug":"ciro-gomes-diz-que-vai-trocar-politica-de-precos-da-petrobras","status":"publish","type":"post","link":"https:\/\/pdt-rj.org.br\/index.php\/ciro-gomes-diz-que-vai-trocar-politica-de-precos-da-petrobras\/","title":{"rendered":"Ciro Gomes diz que vai trocar pol\u00edtica de pre\u00e7os da Petrobras"},"content":{"rendered":"<p>O candidato do PDT \u00e0 presid\u00eancia da Rep\u00fablica, Ciro Gomes, participou na manh\u00e3 desta quarta-feira (19), em S\u00e3o Paulo, de sabatina na R\u00e1dio CBN. Durante o programa, o pedetista falou sobre a pol\u00edtica de pre\u00e7o dos combust\u00edveis.<\/p>\n<p>&#8220;Eu vou trocar a pol\u00edtica de pre\u00e7os da Petrobras. A pol\u00edtica de pre\u00e7os da Petrobras vai ser o custo brasileiro em real, mais a rentabilidade que ela precisa ter para amortizar capital, pagar suas dividas e reinvestir\u201d, disse.<\/p>\n<p>Ciro disse que o Brasil tem quarenta por cento da capacidade de refino de gasolina, \u00f3leo diesel e g\u00e1s parados e criticou o fato de comprar gasolina dos Estados Unidos.<\/p>\n<p>&#8220;O Brasil tem uma f\u00e1brica de fazer diesel, que pode produzir cem litros por hora. O Pa\u00eds est\u00e1 produzindo 60 e comprando 40 litros de \u00f3leo diesel de cada cem dos Estados Unidos&#8221;, disse.<\/p>\n<p>\u201cO Brasil pode ser um grande exportador de pol\u00edmeros, de derivados de petr\u00f3leo, e vai virar importador. Com que d\u00f3lar vamos pagar isso?&#8221;, questiona.<\/p>\n<p>O pedetista tamb\u00e9m disse que pretende chegar \u00e0 Presid\u00eancia da Rep\u00fablica unindo o Brasil sem extremismo e que levar\u00e1 ao seu governo as pr\u00e1ticas exitosas obtidas no estado do Cear\u00e1, como creche em tempo integral.<\/p>\n<p>&#8220;Eu quero levar para o Brasil as boas experi\u00eancias de sucesso de um estado pobre e humilde &#8211; que \u00e9 o Cear\u00e1, conseguiu fazer. Por exemplo, colocar nossas crian\u00e7as de zero a tr\u00eas anos em creche de tempo integral. Das cem melhores escolas fundamentais do Brasil, 82 est\u00e3o no Cear\u00e1. \u00c9 isso que quero levar para o Brasil&#8221;, disse.<\/p>\n<p>Ciro tamb\u00e9m falou de seu Programa Nome Limpo, que vai ajudar a tirar o nome das pessoas que est\u00e3o negativadas no SPC. Ele explicou que s\u00e3o 63 milh\u00f5es de brasileiros com o nome sujo e isso colapsa a principal m\u00e1quina de desenvolvimento, que \u00e9 o consumo das fam\u00edlias.<\/p>\n<p>\u201cSe as fam\u00edlias n\u00e3o consomem, o com\u00e9rcio n\u00e3o vende e a ind\u00fastria n\u00e3o produz. Eu preciso restaurar esse motor porque quero gerar empregos para o Brasil&#8221;, disse.<\/p>\n<!-- AddThis Advanced Settings generic via filter on the_content --><!-- AddThis Share Buttons generic via filter on the_content -->","protected":false},"excerpt":{"rendered":"<p>O candidato do PDT \u00e0 presid\u00eancia da Rep\u00fablica, Ciro Gomes, participou na manh\u00e3 desta quarta-feira (19), em S\u00e3o Paulo, de sabatina na R\u00e1dio CBN. Durante o programa, o pedetista falou sobre a pol\u00edtica de pre\u00e7o dos combust\u00edveis. &#8220;Eu vou trocar a pol\u00edtica de pre\u00e7os da Petrobras. A pol\u00edtica de pre\u00e7os da Petrobras vai ser o&#8230;<!-- AddThis Advanced Settings generic via filter on wp_trim_excerpt --><!-- AddThis Share Buttons generic via filter on wp_trim_excerpt --><\/p>\n","protected":false},"author":17,"featured_media":61224,"comment_status":"closed","ping_status":"closed","sticky":false,"template":"","format":"standard","meta":{"_monsterinsights_skip_tracking":false,"_monsterinsights_sitenote_active":false,"_monsterinsights_sitenote_note":"","_monsterinsights_sitenote_category":0,"_uf_show_specific_survey":0,"_uf_disable_surveys":false,"footnotes":""},"categories":[3029,976],"tags":[220,3114,2877],"class_list":["post-61220","post","type-post","status-publish","format-standard","has-post-thumbnail","hentry","category-eleicoes-2018","category-noticias-em-destaque","tag-ciro-gomes","tag-programa-nome-limpo","tag-spc"],"acf":[],"_links":{"self":[{"href":"https:\/\/pdt-rj.org.br\/index.php\/wp-json\/wp\/v2\/posts\/61220","targetHints":{"allow":["GET"]}}],"collection":[{"href":"https:\/\/pdt-rj.org.br\/index.php\/wp-json\/wp\/v2\/posts"}],"about":[{"href":"https:\/\/pdt-rj.org.br\/index.php\/wp-json\/wp\/v2\/types\/post"}],"author":[{"embeddable":true,"href":"https:\/\/pdt-rj.org.br\/index.php\/wp-json\/wp\/v2\/users\/17"}],"replies":[{"embeddable":true,"href":"https:\/\/pdt-rj.org.br\/index.php\/wp-json\/wp\/v2\/comments?post=61220"}],"version-history":[{"count":5,"href":"https:\/\/pdt-rj.org.br\/index.php\/wp-json\/wp\/v2\/posts\/61220\/revisions"}],"predecessor-version":[{"id":61257,"href":"https:\/\/pdt-rj.org.br\/index.php\/wp-json\/wp\/v2\/posts\/61220\/revisions\/61257"}],"wp:featuredmedia":[{"embeddable":true,"href":"https:\/\/pdt-rj.org.br\/index.php\/wp-json\/wp\/v2\/media\/61224"}],"wp:attachment":[{"href":"https:\/\/pdt-rj.org.br\/index.php\/wp-json\/wp\/v2\/media?parent=61220"}],"wp:term":[{"taxonomy":"category","embeddable":true,"href":"https:\/\/pdt-rj.org.br\/index.php\/wp-json\/wp\/v2\/categories?post=61220"},{"taxonomy":"post_tag","embeddable":true,"href":"https:\/\/pdt-rj.org.br\/index.php\/wp-json\/wp\/v2\/tags?post=61220"}],"curies":[{"name":"wp","href":"https:\/\/api.w.org\/{rel}","templated":true}]}}