{"id":61193,"date":"2018-09-17T18:11:20","date_gmt":"2018-09-17T21:11:20","guid":{"rendered":"http:\/\/pdt-rj.org.br\/?p=61193"},"modified":"2018-09-22T17:20:56","modified_gmt":"2018-09-22T20:20:56","slug":"lupi-convoca-militancia-do-pdt-para-levar-mensagem-de-ciro-a-todos-os-cantos-do-pais","status":"publish","type":"post","link":"https:\/\/pdt-rj.org.br\/index.php\/lupi-convoca-militancia-do-pdt-para-levar-mensagem-de-ciro-a-todos-os-cantos-do-pais\/","title":{"rendered":"Lupi convoca milit\u00e2ncia do PDT para levar mensagem de Ciro a todos os cantos do Pa\u00eds"},"content":{"rendered":"<p>O presidente nacional do PDT, Carlos Lupi, convoca a todos os militantes do PDT para, a 20 dias da elei\u00e7\u00e3o, levar a mensagem de <strong><a href=\"https:\/\/www.cirogomes.com.br\/\">Ciro Gomes<\/a><\/strong> para todo o Pa\u00eds e mostrar que ele \u00e9 o candidato \u00e0 Presid\u00eancia da Rep\u00fablica mais preparado para governar a Na\u00e7\u00e3o.<\/p>\n<p>Lupi que, nesse momento, \u00e9 importante, \u00e0 compreens\u00e3o da popula\u00e7\u00e3o do que se trata o Plano Nacional de Desenvolvimento proposto por Ciro, que defende taxar o capital produtivo e pretende taxar a especula\u00e7\u00e3o do mercado financeiro.<\/p>\n<p>\u201cEssa posi\u00e7\u00e3o gera muitos inimigos poderosos. Por isso, n\u00f3s temos que ter clareza e tranquilidade para firmar a nossa candidatura como a \u00fanica preparada para enfrentar o grande c\u00e2ncer da sociedade moderna que \u00e9 o sistema financeiro\u201d.<\/p>\n<p>\u201cVamos fazer a discuss\u00e3o pol\u00edtica. Vamos defender a nossa causa, a nossa hist\u00f3ria e o melhor candidato para ser o melhor presidente do Brasil. Ciro Gomes 12, PDT\u201d, conclama Lupi.<\/p>\n<p>Confira a \u00edntegra do v\u00eddeo!<\/p>\n<p><iframe loading=\"lazy\" title=\"Lupi convoca milit\u00e2ncia do PDT para levar mensagem de Ciro a todos os cantos do Pa\u00eds\" width=\"640\" height=\"360\" src=\"https:\/\/www.youtube.com\/embed\/FZmFm9ZidDw?feature=oembed\" frameborder=\"0\" allow=\"accelerometer; autoplay; clipboard-write; encrypted-media; gyroscope; picture-in-picture; web-share\" referrerpolicy=\"strict-origin-when-cross-origin\" allowfullscreen><\/iframe><\/p>\n<!-- AddThis Advanced Settings generic via filter on the_content --><!-- AddThis Share Buttons generic via filter on the_content -->","protected":false},"excerpt":{"rendered":"<p>O presidente nacional do PDT, Carlos Lupi, convoca a todos os militantes do PDT para, a 20 dias da elei\u00e7\u00e3o, levar a mensagem de Ciro Gomes para todo o Pa\u00eds e mostrar que ele \u00e9 o candidato \u00e0 Presid\u00eancia da Rep\u00fablica mais preparado para governar a Na\u00e7\u00e3o. Lupi que, nesse momento, \u00e9 importante, \u00e0 compreens\u00e3o&#8230;<!-- AddThis Advanced Settings generic via filter on wp_trim_excerpt --><!-- AddThis Share Buttons generic via filter on wp_trim_excerpt --><\/p>\n","protected":false},"author":17,"featured_media":61194,"comment_status":"closed","ping_status":"closed","sticky":false,"template":"","format":"standard","meta":{"_monsterinsights_skip_tracking":false,"_monsterinsights_sitenote_active":false,"_monsterinsights_sitenote_note":"","_monsterinsights_sitenote_category":0,"_uf_show_specific_survey":0,"_uf_disable_surveys":false,"footnotes":""},"categories":[1390,3029],"tags":[196,38],"class_list":["post-61193","post","type-post","status-publish","format-standard","has-post-thumbnail","hentry","category-editorias","category-eleicoes-2018","tag-carlos-lupi","tag-pdt"],"acf":[],"_links":{"self":[{"href":"https:\/\/pdt-rj.org.br\/index.php\/wp-json\/wp\/v2\/posts\/61193","targetHints":{"allow":["GET"]}}],"collection":[{"href":"https:\/\/pdt-rj.org.br\/index.php\/wp-json\/wp\/v2\/posts"}],"about":[{"href":"https:\/\/pdt-rj.org.br\/index.php\/wp-json\/wp\/v2\/types\/post"}],"author":[{"embeddable":true,"href":"https:\/\/pdt-rj.org.br\/index.php\/wp-json\/wp\/v2\/users\/17"}],"replies":[{"embeddable":true,"href":"https:\/\/pdt-rj.org.br\/index.php\/wp-json\/wp\/v2\/comments?post=61193"}],"version-history":[{"count":8,"href":"https:\/\/pdt-rj.org.br\/index.php\/wp-json\/wp\/v2\/posts\/61193\/revisions"}],"predecessor-version":[{"id":61304,"href":"https:\/\/pdt-rj.org.br\/index.php\/wp-json\/wp\/v2\/posts\/61193\/revisions\/61304"}],"wp:featuredmedia":[{"embeddable":true,"href":"https:\/\/pdt-rj.org.br\/index.php\/wp-json\/wp\/v2\/media\/61194"}],"wp:attachment":[{"href":"https:\/\/pdt-rj.org.br\/index.php\/wp-json\/wp\/v2\/media?parent=61193"}],"wp:term":[{"taxonomy":"category","embeddable":true,"href":"https:\/\/pdt-rj.org.br\/index.php\/wp-json\/wp\/v2\/categories?post=61193"},{"taxonomy":"post_tag","embeddable":true,"href":"https:\/\/pdt-rj.org.br\/index.php\/wp-json\/wp\/v2\/tags?post=61193"}],"curies":[{"name":"wp","href":"https:\/\/api.w.org\/{rel}","templated":true}]}}