{"id":61128,"date":"2018-09-12T19:14:40","date_gmt":"2018-09-12T22:14:40","guid":{"rendered":"http:\/\/pdt-rj.org.br\/?p=61128"},"modified":"2018-09-12T19:17:02","modified_gmt":"2018-09-12T22:17:02","slug":"ciro-defende-desenvolvimento-do-parque-industrial-brasileiro","status":"publish","type":"post","link":"https:\/\/pdt-rj.org.br\/index.php\/ciro-defende-desenvolvimento-do-parque-industrial-brasileiro\/","title":{"rendered":"Ciro defende desenvolvimento do parque industrial brasileiro"},"content":{"rendered":"<p>O candidato do PDT \u00e0 presid\u00eancia da Rep\u00fablica, <a href=\"https:\/\/www.cirogomes.com.br\/\"><strong>Ciro Gomes<\/strong><\/a>, defendeu nesta quarta-feira (12), em sabatina do jornal O Globo, no Rio de Janeiro, o complexo industrial brasileiro. O presidenci\u00e1vel descartou a possibilidade de fechar mercado e disse que a ideia \u00e9 escolher alguns setores da economia que ser\u00e3o beneficiados pelo governo.<\/p>\n<p>&#8220;N\u00f3s estamos alimentando a ilus\u00e3o de um pa\u00eds que tem aspira\u00e7\u00f5es modernas. E por que temos que ter uma ind\u00fastria? Porque o nosso modo moderno de viver consome manufaturado e, manufaturado, nesse n\u00edvel de sofistica\u00e7\u00e3o, custa muito mais caro que produtos <em>in natura<\/em>. A ideia n\u00e3o \u00e9 fechar mercado. Quero escolher alguns protagonistas globais para o Brasil ter, na troca internacional, como pagar a conta de manufaturado\u201d, destacou.<\/p>\n<p>Ciro explicou que h\u00e1 quatro setores da economia brasileira com potencial do Pa\u00eds ser competitivo e que ser\u00e3o beneficiados pelo governo: petr\u00f3leo, g\u00e1s e bioenergia; sa\u00fade; agricultura; e defesa.<\/p>\n<p>\u201cN\u00f3s somos um pa\u00eds que est\u00e1 se desindustrializando numa conta selvagem. O Brasil fechou treze mil ind\u00fastrias nos \u00faltimos tr\u00eas anos, sendo 1.300 no \u00faltimo ano. N\u00e3o fecha a conta! Ent\u00e3o, quais os complexos? Voc\u00ea pega o balan\u00e7o de pagamento e tira um crit\u00e9rio: petr\u00f3leo, g\u00e1s e bioenergia\u201d, elencou. &#8220;Faz sentido, o Brasil, que inventou o biocombust\u00edvel, como o etanol, ser importador l\u00edquido de \u00e1lcool?&#8221;, criticou, reiterando que o Pa\u00eds tem 30% de capacidade ociosa e est\u00e1 importando \u00f3leo diesel e gasolina dos Estados Unidos.<\/p>\n<p>O outro complexo industrial \u00e9 o da sa\u00fade. Segundo o pedetista, o Brasil gastou, importando de outros pa\u00edses, US$ 17 bilh\u00f5es de d\u00f3lares nos \u00faltimos doze meses. \u201cA proposta \u00e9 produzir aqui tudo o que puder na \u00e1rea da sa\u00fade. Vamos virar o complexo global na \u00e1rea\u201d, disse.<\/p>\n<p>Em determinado momento da entrevista, Ciro disse que pretende criar um fundo de R$ 4 bilh\u00f5es que premiar\u00e1 com R$ 100 mil as unidades de sa\u00fade p\u00fablica com as melhores pr\u00e1ticas, a serem avaliadas conforme metas atingidas.<\/p>\n<p>\u201cA sa\u00fade tem a inefici\u00eancia dos recursos aplicados. Temos que preservar o SUS. Pretendo estabelecer um caminho de avalia\u00e7\u00e3o e controle. Eu vou criar um fundo de R$ 4 bilh\u00f5es que vai premiar com R$ 100 mil cada unidade de sa\u00fade que atingir metas e objetivos de mortalidade infantil, mortalidade materna, preven\u00e7\u00e3o da diabetes, preven\u00e7\u00e3o da hipertens\u00e3o, com avalia\u00e7\u00e3o do usu\u00e1rio\u201d, afirmou.<\/p>\n<p>A agricultura \u00e9 o terceiro setor a ser beneficiado. O pedetista criticou o fato do Brasil importar todos os defensivos e disse que a Embrapa ter\u00e1 papel fundamental. \u201cPodemos fazer com a Embrapa toda uma gera\u00e7\u00e3o de defensivos. Ela vai voltar a ter o protagonismo central no Brasil\u201d, ressaltou.<\/p>\n<p>O outro complexo \u00e9 o da ind\u00fastria da defesa. \u201cEm nenhum lugar do mundo aceita uma opera\u00e7\u00e3o absurda como essa\u201d, criticou Ciro, em rela\u00e7\u00e3o ao acordo da Embraer com a norte-americana Boeing.<\/p>\n<!-- AddThis Advanced Settings generic via filter on the_content --><!-- AddThis Share Buttons generic via filter on the_content -->","protected":false},"excerpt":{"rendered":"<p>O candidato do PDT \u00e0 presid\u00eancia da Rep\u00fablica, Ciro Gomes, defendeu nesta quarta-feira (12), em sabatina do jornal O Globo, no Rio de Janeiro, o complexo industrial brasileiro. O presidenci\u00e1vel descartou a possibilidade de fechar mercado e disse que a ideia \u00e9 escolher alguns setores da economia que ser\u00e3o beneficiados pelo governo. &#8220;N\u00f3s estamos alimentando&#8230;<!-- AddThis Advanced Settings generic via filter on wp_trim_excerpt --><!-- AddThis Share Buttons generic via filter on wp_trim_excerpt --><\/p>\n","protected":false},"author":17,"featured_media":61129,"comment_status":"closed","ping_status":"closed","sticky":false,"template":"","format":"standard","meta":{"_monsterinsights_skip_tracking":false,"_monsterinsights_sitenote_active":false,"_monsterinsights_sitenote_note":"","_monsterinsights_sitenote_category":0,"_uf_show_specific_survey":0,"_uf_disable_surveys":false,"footnotes":""},"categories":[3029,976],"tags":[220,3109],"class_list":["post-61128","post","type-post","status-publish","format-standard","has-post-thumbnail","hentry","category-eleicoes-2018","category-noticias-em-destaque","tag-ciro-gomes","tag-parque-industrial-brasileiro"],"acf":[],"_links":{"self":[{"href":"https:\/\/pdt-rj.org.br\/index.php\/wp-json\/wp\/v2\/posts\/61128","targetHints":{"allow":["GET"]}}],"collection":[{"href":"https:\/\/pdt-rj.org.br\/index.php\/wp-json\/wp\/v2\/posts"}],"about":[{"href":"https:\/\/pdt-rj.org.br\/index.php\/wp-json\/wp\/v2\/types\/post"}],"author":[{"embeddable":true,"href":"https:\/\/pdt-rj.org.br\/index.php\/wp-json\/wp\/v2\/users\/17"}],"replies":[{"embeddable":true,"href":"https:\/\/pdt-rj.org.br\/index.php\/wp-json\/wp\/v2\/comments?post=61128"}],"version-history":[{"count":1,"href":"https:\/\/pdt-rj.org.br\/index.php\/wp-json\/wp\/v2\/posts\/61128\/revisions"}],"predecessor-version":[{"id":61130,"href":"https:\/\/pdt-rj.org.br\/index.php\/wp-json\/wp\/v2\/posts\/61128\/revisions\/61130"}],"wp:featuredmedia":[{"embeddable":true,"href":"https:\/\/pdt-rj.org.br\/index.php\/wp-json\/wp\/v2\/media\/61129"}],"wp:attachment":[{"href":"https:\/\/pdt-rj.org.br\/index.php\/wp-json\/wp\/v2\/media?parent=61128"}],"wp:term":[{"taxonomy":"category","embeddable":true,"href":"https:\/\/pdt-rj.org.br\/index.php\/wp-json\/wp\/v2\/categories?post=61128"},{"taxonomy":"post_tag","embeddable":true,"href":"https:\/\/pdt-rj.org.br\/index.php\/wp-json\/wp\/v2\/tags?post=61128"}],"curies":[{"name":"wp","href":"https:\/\/api.w.org\/{rel}","templated":true}]}}