{"id":61112,"date":"2018-09-12T16:02:26","date_gmt":"2018-09-12T19:02:26","guid":{"rendered":"http:\/\/pdt-rj.org.br\/?p=61112"},"modified":"2018-09-17T10:18:13","modified_gmt":"2018-09-17T13:18:13","slug":"embaixadores-da-asia-e-oceania-convidam-katia-abreu-para-dialogo","status":"publish","type":"post","link":"https:\/\/pdt-rj.org.br\/index.php\/embaixadores-da-asia-e-oceania-convidam-katia-abreu-para-dialogo\/","title":{"rendered":"Embaixadores da \u00c1sia e Oceania convidam K\u00e1tia Abreu para di\u00e1logo"},"content":{"rendered":"<p>A senadora\u00a0<strong><a href=\"http:\/\/www.senadorakatiaabreu.com.br\/biografia\/\">K\u00e1tia Abreu<\/a><\/strong> (PDT-TO), candidata a vice-presidente de Ciro Gomes, participou nessa ter\u00e7a-feira (11), em Bras\u00edlia, de uma ampla reuni\u00e3o com mais de vinte embaixadores de pa\u00edses da \u00c1sia e da Oceania. A parlamentar foi convidada a levar as propostas de sua chapa e discutir o atual cen\u00e1rio pol\u00edtico brasileiro.<\/p>\n<p>K\u00e1tia Abreu afirmou aos embaixadores que, no futuro governo Ciro Gomes, as rela\u00e7\u00f5es comerciais entre Brasil e as na\u00e7\u00f5es da \u00c1sia e da Oceania ter\u00e3o prioridade. Destacou ainda que, como ministra da Agricultura, Pecu\u00e1ria e Abastecimento, trabalhou intensamente pela abertura de novos mercados &#8211; especialmente o asi\u00e1tico &#8211; para os produtos agropecu\u00e1rios brasileiros, como a carne bovina.<\/p>\n<p>A candidata ainda defendeu maior abertura comercial do Brasil e destacou a import\u00e2ncia do pa\u00eds na produ\u00e7\u00e3o de alimentos e na garantia da seguran\u00e7a alimentar no mundo. \u201cA Organiza\u00e7\u00e3o das Na\u00e7\u00f5es Unidas espera que o Brasil aumente em 40% sua produ\u00e7\u00e3o at\u00e9 2050. Eu tenho convic\u00e7\u00e3o de que temos potencial para crescer ainda mais do que isso\u201d, disse K\u00e1tia Abreu durante o jantar oferecido pelo embaixador Li Jinzhang, anfitri\u00e3o do evento.<\/p>\n<!-- AddThis Advanced Settings generic via filter on the_content --><!-- AddThis Share Buttons generic via filter on the_content -->","protected":false},"excerpt":{"rendered":"<p>A senadora\u00a0K\u00e1tia Abreu (PDT-TO), candidata a vice-presidente de Ciro Gomes, participou nessa ter\u00e7a-feira (11), em Bras\u00edlia, de uma ampla reuni\u00e3o com mais de vinte embaixadores de pa\u00edses da \u00c1sia e da Oceania. A parlamentar foi convidada a levar as propostas de sua chapa e discutir o atual cen\u00e1rio pol\u00edtico brasileiro. K\u00e1tia Abreu afirmou aos embaixadores&#8230;<!-- AddThis Advanced Settings generic via filter on wp_trim_excerpt --><!-- AddThis Share Buttons generic via filter on wp_trim_excerpt --><\/p>\n","protected":false},"author":17,"featured_media":61114,"comment_status":"closed","ping_status":"closed","sticky":false,"template":"","format":"standard","meta":{"_monsterinsights_skip_tracking":false,"_monsterinsights_sitenote_active":false,"_monsterinsights_sitenote_note":"","_monsterinsights_sitenote_category":0,"_uf_show_specific_survey":0,"_uf_disable_surveys":false,"footnotes":""},"categories":[1390],"tags":[220,2866,3108,3107],"class_list":["post-61112","post","type-post","status-publish","format-standard","has-post-thumbnail","hentry","category-editorias","tag-ciro-gomes","tag-katia-abreu","tag-relacoes-comerciais","tag-relacoes-internacionais"],"acf":[],"_links":{"self":[{"href":"https:\/\/pdt-rj.org.br\/index.php\/wp-json\/wp\/v2\/posts\/61112","targetHints":{"allow":["GET"]}}],"collection":[{"href":"https:\/\/pdt-rj.org.br\/index.php\/wp-json\/wp\/v2\/posts"}],"about":[{"href":"https:\/\/pdt-rj.org.br\/index.php\/wp-json\/wp\/v2\/types\/post"}],"author":[{"embeddable":true,"href":"https:\/\/pdt-rj.org.br\/index.php\/wp-json\/wp\/v2\/users\/17"}],"replies":[{"embeddable":true,"href":"https:\/\/pdt-rj.org.br\/index.php\/wp-json\/wp\/v2\/comments?post=61112"}],"version-history":[{"count":6,"href":"https:\/\/pdt-rj.org.br\/index.php\/wp-json\/wp\/v2\/posts\/61112\/revisions"}],"predecessor-version":[{"id":61182,"href":"https:\/\/pdt-rj.org.br\/index.php\/wp-json\/wp\/v2\/posts\/61112\/revisions\/61182"}],"wp:featuredmedia":[{"embeddable":true,"href":"https:\/\/pdt-rj.org.br\/index.php\/wp-json\/wp\/v2\/media\/61114"}],"wp:attachment":[{"href":"https:\/\/pdt-rj.org.br\/index.php\/wp-json\/wp\/v2\/media?parent=61112"}],"wp:term":[{"taxonomy":"category","embeddable":true,"href":"https:\/\/pdt-rj.org.br\/index.php\/wp-json\/wp\/v2\/categories?post=61112"},{"taxonomy":"post_tag","embeddable":true,"href":"https:\/\/pdt-rj.org.br\/index.php\/wp-json\/wp\/v2\/tags?post=61112"}],"curies":[{"name":"wp","href":"https:\/\/api.w.org\/{rel}","templated":true}]}}