{"id":61104,"date":"2018-09-11T17:21:15","date_gmt":"2018-09-11T20:21:15","guid":{"rendered":"http:\/\/pdt-rj.org.br\/?p=61104"},"modified":"2018-09-14T17:53:13","modified_gmt":"2018-09-14T20:53:13","slug":"ciro-explica-como-mudara-a-seguranca-publica-durante-caminhada-no-taboao-da-serra-sp","status":"publish","type":"post","link":"https:\/\/pdt-rj.org.br\/index.php\/ciro-explica-como-mudara-a-seguranca-publica-durante-caminhada-no-taboao-da-serra-sp\/","title":{"rendered":"Ciro explica como mudar\u00e1 a seguran\u00e7a p\u00fablica durante caminhada no Tabo\u00e3o da Serra (SP)"},"content":{"rendered":"<p>Ciro Gomes caminhou nesta ter\u00e7a-feira (11) no Tabo\u00e3o da Serra (SP), acompanhado dos candidatos ao governo pelo PDT, Marcelo C\u00e2ndido e Gleides Sodr\u00e9 (vice) e do candidato ao Senado, Ant\u00f4nio Neto. Enquanto caminhava no cal\u00e7ad\u00e3o da cidade o presidenci\u00e1vel cumprimentou apoiadores e eleitores e, ap\u00f3s conversar com jornalistas, fez uma pausa para tomar uma \u00e1gua de coco.<\/p>\n<p>No evento de campanha, ele explicou que pretende criar um Sistema \u00danico de Seguran\u00e7a P\u00fablica, investir em tecnologia e intelig\u00eancia para aprimorar as investiga\u00e7\u00f5es, al\u00e9m de empoderar a Secretaria Nacional de Seguran\u00e7a P\u00fablica (Senasp).<\/p>\n<!-- AddThis Advanced Settings generic via filter on the_content --><!-- AddThis Share Buttons generic via filter on the_content -->","protected":false},"excerpt":{"rendered":"<p>Ciro Gomes caminhou nesta ter\u00e7a-feira (11) no Tabo\u00e3o da Serra (SP), acompanhado dos candidatos ao governo pelo PDT, Marcelo C\u00e2ndido e Gleides Sodr\u00e9 (vice) e do candidato ao Senado, Ant\u00f4nio Neto. Enquanto caminhava no cal\u00e7ad\u00e3o da cidade o presidenci\u00e1vel cumprimentou apoiadores e eleitores e, ap\u00f3s conversar com jornalistas, fez uma pausa para tomar uma \u00e1gua&#8230;<!-- AddThis Advanced Settings generic via filter on wp_trim_excerpt --><!-- AddThis Share Buttons generic via filter on wp_trim_excerpt --><\/p>\n","protected":false},"author":17,"featured_media":61106,"comment_status":"closed","ping_status":"closed","sticky":false,"template":"","format":"standard","meta":{"_monsterinsights_skip_tracking":false,"_monsterinsights_sitenote_active":false,"_monsterinsights_sitenote_note":"","_monsterinsights_sitenote_category":0,"_uf_show_specific_survey":0,"_uf_disable_surveys":false,"footnotes":""},"categories":[1390,3029],"tags":[220,865],"class_list":["post-61104","post","type-post","status-publish","format-standard","has-post-thumbnail","hentry","category-editorias","category-eleicoes-2018","tag-ciro-gomes","tag-seguranca-publica"],"acf":[],"_links":{"self":[{"href":"https:\/\/pdt-rj.org.br\/index.php\/wp-json\/wp\/v2\/posts\/61104","targetHints":{"allow":["GET"]}}],"collection":[{"href":"https:\/\/pdt-rj.org.br\/index.php\/wp-json\/wp\/v2\/posts"}],"about":[{"href":"https:\/\/pdt-rj.org.br\/index.php\/wp-json\/wp\/v2\/types\/post"}],"author":[{"embeddable":true,"href":"https:\/\/pdt-rj.org.br\/index.php\/wp-json\/wp\/v2\/users\/17"}],"replies":[{"embeddable":true,"href":"https:\/\/pdt-rj.org.br\/index.php\/wp-json\/wp\/v2\/comments?post=61104"}],"version-history":[{"count":4,"href":"https:\/\/pdt-rj.org.br\/index.php\/wp-json\/wp\/v2\/posts\/61104\/revisions"}],"predecessor-version":[{"id":61158,"href":"https:\/\/pdt-rj.org.br\/index.php\/wp-json\/wp\/v2\/posts\/61104\/revisions\/61158"}],"wp:featuredmedia":[{"embeddable":true,"href":"https:\/\/pdt-rj.org.br\/index.php\/wp-json\/wp\/v2\/media\/61106"}],"wp:attachment":[{"href":"https:\/\/pdt-rj.org.br\/index.php\/wp-json\/wp\/v2\/media?parent=61104"}],"wp:term":[{"taxonomy":"category","embeddable":true,"href":"https:\/\/pdt-rj.org.br\/index.php\/wp-json\/wp\/v2\/categories?post=61104"},{"taxonomy":"post_tag","embeddable":true,"href":"https:\/\/pdt-rj.org.br\/index.php\/wp-json\/wp\/v2\/tags?post=61104"}],"curies":[{"name":"wp","href":"https:\/\/api.w.org\/{rel}","templated":true}]}}