{"id":61092,"date":"2018-09-11T15:53:02","date_gmt":"2018-09-11T18:53:02","guid":{"rendered":"http:\/\/pdt-rj.org.br\/?p=61092"},"modified":"2018-09-11T17:00:21","modified_gmt":"2018-09-11T20:00:21","slug":"em-respeito-a-verdade","status":"publish","type":"post","link":"https:\/\/pdt-rj.org.br\/index.php\/em-respeito-a-verdade\/","title":{"rendered":"Nota \u2013 Em respeito \u00e0 verdade"},"content":{"rendered":"<div>\n<p>Fui prefeito de Natal durante 12 anos. Durante esse tempo, a Prefeitura autorizou reajustes na tarifa de transporte coletivo para atender aumento de custo com trabalhadores, combust\u00edvel e demais insumos. Reajustes que sempre seguiram par\u00e2metros t\u00e9cnicos e somente autorizados depois de aprovados\u00a0 por um conselho formado por 31 integrantes da prefeitura, empresas e usu\u00e1rios. Em todo esse per\u00edodo nunca houve uma den\u00fancia de irregularidades nesse assunto.<\/p>\n<p>Em 30 anos de atividade pol\u00edtica, exercendo cargos de Deputado Estadual, Secret\u00e1rio de Estado, Vice-Prefeito e Prefeito\u00a0 de Natal por quatro vezes, nunca respondi a nenhum processo de improbidade ou por desvio de conduta \u00e9tica. Sei que isso deve incomodar a quem n\u00e3o pode dizer a mesma coisa.<\/p>\n<p>Considero estranho que, a pouco mais de 20 dias antes da elei\u00e7\u00e3o, surja a abertura de um inqu\u00e9rito para investigar aumento de tarifa no transporte coletivo, autorizado em<br \/>\nmaio de 2018, quando nem prefeito eu era mais; Tampouco\u00a0 acredito que o prefeito \u00c1lvaro Dias tenha cometido qualquer ilicitude;<\/p>\n<p>Informo que minhas contas de campanha est\u00e3o dispon\u00edveis no TRE e nelas N\u00c3O EXISTE e nem EXISTIR\u00c1 qualquer doa\u00e7\u00e3o de empresa de \u00f4nibus. Podem verificar.<\/p>\n<p>Uma investiga\u00e7\u00e3o isenta provar\u00e1 essa verdade. E uma divulga\u00e7\u00e3o pelos ve\u00edculos de comunica\u00e7\u00e3o igualmente comprometidos com a verdade e desvinculados de interesses ocultos, haver\u00e3o de reparar esse equ\u00edvoco.<\/p>\n<\/div>\n<div style=\"text-align: center;\"><a href=\"http:\/\/pdt-rj.org.br\/index.php\/carlos-eduardo-alves\/\"><strong>Carlos Eduardo\u00a0<\/strong><\/a><\/div>\n<div style=\"text-align: center;\"><strong>Candidato a Governador\u00a0<\/strong><\/div>\n<div style=\"text-align: center;\">Coliga\u00e7\u00e3o 100%RN<\/div>\n<!-- AddThis Advanced Settings generic via filter on the_content --><!-- AddThis Share Buttons generic via filter on the_content -->","protected":false},"excerpt":{"rendered":"<p>Fui prefeito de Natal durante 12 anos. Durante esse tempo, a Prefeitura autorizou reajustes na tarifa de transporte coletivo para atender aumento de custo com trabalhadores, combust\u00edvel e demais insumos. Reajustes que sempre seguiram par\u00e2metros t\u00e9cnicos e somente autorizados depois de aprovados\u00a0 por um conselho formado por 31 integrantes da prefeitura, empresas e usu\u00e1rios. Em&#8230;<!-- AddThis Advanced Settings generic via filter on wp_trim_excerpt --><!-- AddThis Share Buttons generic via filter on wp_trim_excerpt --><\/p>\n","protected":false},"author":17,"featured_media":61093,"comment_status":"closed","ping_status":"closed","sticky":false,"template":"","format":"standard","meta":{"_monsterinsights_skip_tracking":false,"_monsterinsights_sitenote_active":false,"_monsterinsights_sitenote_note":"","_monsterinsights_sitenote_category":0,"_uf_show_specific_survey":0,"_uf_disable_surveys":false,"footnotes":""},"categories":[1390,3029],"tags":[194,3105],"class_list":["post-61092","post","type-post","status-publish","format-standard","has-post-thumbnail","hentry","category-editorias","category-eleicoes-2018","tag-carlos-eduardo","tag-em-respeito-a-verdade"],"acf":[],"_links":{"self":[{"href":"https:\/\/pdt-rj.org.br\/index.php\/wp-json\/wp\/v2\/posts\/61092","targetHints":{"allow":["GET"]}}],"collection":[{"href":"https:\/\/pdt-rj.org.br\/index.php\/wp-json\/wp\/v2\/posts"}],"about":[{"href":"https:\/\/pdt-rj.org.br\/index.php\/wp-json\/wp\/v2\/types\/post"}],"author":[{"embeddable":true,"href":"https:\/\/pdt-rj.org.br\/index.php\/wp-json\/wp\/v2\/users\/17"}],"replies":[{"embeddable":true,"href":"https:\/\/pdt-rj.org.br\/index.php\/wp-json\/wp\/v2\/comments?post=61092"}],"version-history":[{"count":6,"href":"https:\/\/pdt-rj.org.br\/index.php\/wp-json\/wp\/v2\/posts\/61092\/revisions"}],"predecessor-version":[{"id":61103,"href":"https:\/\/pdt-rj.org.br\/index.php\/wp-json\/wp\/v2\/posts\/61092\/revisions\/61103"}],"wp:featuredmedia":[{"embeddable":true,"href":"https:\/\/pdt-rj.org.br\/index.php\/wp-json\/wp\/v2\/media\/61093"}],"wp:attachment":[{"href":"https:\/\/pdt-rj.org.br\/index.php\/wp-json\/wp\/v2\/media?parent=61092"}],"wp:term":[{"taxonomy":"category","embeddable":true,"href":"https:\/\/pdt-rj.org.br\/index.php\/wp-json\/wp\/v2\/categories?post=61092"},{"taxonomy":"post_tag","embeddable":true,"href":"https:\/\/pdt-rj.org.br\/index.php\/wp-json\/wp\/v2\/tags?post=61092"}],"curies":[{"name":"wp","href":"https:\/\/api.w.org\/{rel}","templated":true}]}}