{"id":61069,"date":"2018-09-10T16:54:10","date_gmt":"2018-09-10T19:54:10","guid":{"rendered":"http:\/\/pdt-rj.org.br\/?p=61069"},"modified":"2018-09-11T14:26:48","modified_gmt":"2018-09-11T17:26:48","slug":"em-caminhada-por-maua-sp-ciro-defende-redesenho-de-pacto-federativo","status":"publish","type":"post","link":"https:\/\/pdt-rj.org.br\/index.php\/em-caminhada-por-maua-sp-ciro-defende-redesenho-de-pacto-federativo\/","title":{"rendered":"Em caminhada por Mau\u00e1 (SP), Ciro defende redesenho de pacto federativo"},"content":{"rendered":"<p>Em caminhada realizada na manh\u00e3 desta segunda-feira (10), em Mau\u00e1, regi\u00e3o metropolitana de S\u00e3o Paulo, o candidato do PDT \u00e0 Presid\u00eancia da Rep\u00fablica, Ciro Gomes, foi recebido com muita alegria e esperan\u00e7a pelos eleitores. Ciro esteve acompanhado pelos pedetistas Marcelo C\u00e2ndido, candidato ao governo do estado, Gleides Sodr\u00e9, candidata a vice, Ant\u00f4nio Neto, candidato ao Senado e Junior Orosco, candidato a deputado federal.<\/p>\n<p>Ao conversar com os jornalistas, o presidenci\u00e1vel defendeu um redesenho sobre o pacto federativo. De acordo com ele, atualmente, 17 dos 27 estados brasileiros est\u00e3o quebrados e, por isso, ele defendeu o \u201cswap do endividamento\u201d, uma reestrutura\u00e7\u00e3o do passivo privado previdenci\u00e1rio e indeniza\u00e7\u00e3o do calote que a Uni\u00e3o fez nos grandes estados.<\/p>\n<p>Nesse sentido, Ciro explicou que pretende recuperar a economia de estados, priorizando os que est\u00e3o em situa\u00e7\u00f5es mais cr\u00edticas: Rio Grande do Sul, Rio de Janeiro e Minas Gerais.<\/p>\n<!-- AddThis Advanced Settings generic via filter on the_content --><!-- AddThis Share Buttons generic via filter on the_content -->","protected":false},"excerpt":{"rendered":"<p>Em caminhada realizada na manh\u00e3 desta segunda-feira (10), em Mau\u00e1, regi\u00e3o metropolitana de S\u00e3o Paulo, o candidato do PDT \u00e0 Presid\u00eancia da Rep\u00fablica, Ciro Gomes, foi recebido com muita alegria e esperan\u00e7a pelos eleitores. Ciro esteve acompanhado pelos pedetistas Marcelo C\u00e2ndido, candidato ao governo do estado, Gleides Sodr\u00e9, candidata a vice, Ant\u00f4nio Neto, candidato ao&#8230;<!-- AddThis Advanced Settings generic via filter on wp_trim_excerpt --><!-- AddThis Share Buttons generic via filter on wp_trim_excerpt --><\/p>\n","protected":false},"author":17,"featured_media":61070,"comment_status":"closed","ping_status":"closed","sticky":false,"template":"","format":"standard","meta":{"_monsterinsights_skip_tracking":false,"_monsterinsights_sitenote_active":false,"_monsterinsights_sitenote_note":"","_monsterinsights_sitenote_category":0,"_uf_show_specific_survey":0,"_uf_disable_surveys":false,"footnotes":""},"categories":[976],"tags":[2621,220,325,348,3095,684],"class_list":["post-61069","post","type-post","status-publish","format-standard","has-post-thumbnail","hentry","category-noticias-em-destaque","tag-antonio-neto","tag-ciro-gomes","tag-divida-dos-estados","tag-eleicoes-2018","tag-marcelo-candido","tag-pacto-federativo"],"acf":[],"_links":{"self":[{"href":"https:\/\/pdt-rj.org.br\/index.php\/wp-json\/wp\/v2\/posts\/61069","targetHints":{"allow":["GET"]}}],"collection":[{"href":"https:\/\/pdt-rj.org.br\/index.php\/wp-json\/wp\/v2\/posts"}],"about":[{"href":"https:\/\/pdt-rj.org.br\/index.php\/wp-json\/wp\/v2\/types\/post"}],"author":[{"embeddable":true,"href":"https:\/\/pdt-rj.org.br\/index.php\/wp-json\/wp\/v2\/users\/17"}],"replies":[{"embeddable":true,"href":"https:\/\/pdt-rj.org.br\/index.php\/wp-json\/wp\/v2\/comments?post=61069"}],"version-history":[{"count":6,"href":"https:\/\/pdt-rj.org.br\/index.php\/wp-json\/wp\/v2\/posts\/61069\/revisions"}],"predecessor-version":[{"id":61081,"href":"https:\/\/pdt-rj.org.br\/index.php\/wp-json\/wp\/v2\/posts\/61069\/revisions\/61081"}],"wp:featuredmedia":[{"embeddable":true,"href":"https:\/\/pdt-rj.org.br\/index.php\/wp-json\/wp\/v2\/media\/61070"}],"wp:attachment":[{"href":"https:\/\/pdt-rj.org.br\/index.php\/wp-json\/wp\/v2\/media?parent=61069"}],"wp:term":[{"taxonomy":"category","embeddable":true,"href":"https:\/\/pdt-rj.org.br\/index.php\/wp-json\/wp\/v2\/categories?post=61069"},{"taxonomy":"post_tag","embeddable":true,"href":"https:\/\/pdt-rj.org.br\/index.php\/wp-json\/wp\/v2\/tags?post=61069"}],"curies":[{"name":"wp","href":"https:\/\/api.w.org\/{rel}","templated":true}]}}