{"id":60896,"date":"2018-08-31T17:47:35","date_gmt":"2018-08-31T20:47:35","guid":{"rendered":"http:\/\/pdt-rj.org.br\/?p=60896"},"modified":"2018-09-03T20:00:36","modified_gmt":"2018-09-03T23:00:36","slug":"propaganda-eleitoral-no-radio-e-na-televisao-comeca-nesta-sexta-feira-31","status":"publish","type":"post","link":"https:\/\/pdt-rj.org.br\/index.php\/propaganda-eleitoral-no-radio-e-na-televisao-comeca-nesta-sexta-feira-31\/","title":{"rendered":"Propaganda eleitoral no r\u00e1dio e na televis\u00e3o come\u00e7a nesta sexta-feira (31)"},"content":{"rendered":"<p>Come\u00e7a hoje (31) a propaganda eleitoral gratuita no r\u00e1dio e na televis\u00e3o dos candidatos que concorrem \u00e0s elei\u00e7\u00f5es de outubro. O hor\u00e1rio eleitoral do primeiro turno da elei\u00e7\u00e3o vai at\u00e9 4 de outubro.<\/p>\n<p>Para os presidenci\u00e1veis, os programas come\u00e7am a ir ao ar no s\u00e1bado (1\u00ba). O candidato do PDT \u00e0 presid\u00eancia da Rep\u00fablica, Ciro Gomes, ter\u00e1 dois blocos di\u00e1rios de 38 segundos cada um; mais 50 inser\u00e7\u00f5es no primeiro turno e 1 inser\u00e7\u00e3o de sobra de 30 segundos.<\/p>\n<p>De acordo com o Tribunal Superior Eleitoral (TSE), os programas eleitorais dos candidatos a presidente da Rep\u00fablica e a deputado federal ser\u00e3o transmitidos \u00e0s ter\u00e7as e quintas-feiras, e aos s\u00e1bados.<\/p>\n<p>O tempo reservado a cada presidenci\u00e1vel varia de 5 segundos at\u00e9 o m\u00e1ximo de 5 minutos e 32 segundos.<\/p>\n<p>J\u00e1 o tempo total destinado \u00e0 veicula\u00e7\u00e3o dos programas dos candidatos ao cargo de presidente da Rep\u00fablica ser\u00e1 de 25 minutos, divididos em dois blocos de 12min30s.<\/p>\n<p>No r\u00e1dio, das 7h \u00e0s 7h12min30s, e das 12h \u00e0s 12h12min30s. Na televis\u00e3o, das 13h \u00e0s 13h12min30s, e das 20h30min \u00e0s 20h42min30s.<\/p>\n<p>J\u00e1 os candidatos a governador de estado ou do Distrito Federal, ao Senado Federal e a deputado estadual ou distrital anunciar\u00e3o suas propostas no hor\u00e1rio eleitoral \u00e0s segundas, quartas e sextas-feiras.<\/p>\n<p>Na \u00faltima ter\u00e7a-feira (28), o TSE aprovou a resolu\u00e7\u00e3o que estabelece o plano de m\u00eddia de cada candidato a presidente da Rep\u00fablica.<\/p>\n<p>A norma fixa a distribui\u00e7\u00e3o do tempo de exibi\u00e7\u00e3o da propaganda (em rede e em inser\u00e7\u00f5es) que cada partido ou coliga\u00e7\u00e3o ter\u00e1 para seu respectivo candidato a presidente durante o primeiro turno do pleito.<\/p>\n<p>Confira <strong><a href=\"http:\/\/www.tse.jus.br\/internet\/eleicoes-2018\/campanhas\/relatorios\/4-relatorio-distribuicao-geral-insercao.pdf\">aqui<\/a> <\/strong>o quadro geral das distribui\u00e7\u00f5es de acordo do o TSE.<\/p>\n<!-- AddThis Advanced Settings generic via filter on the_content --><!-- AddThis Share Buttons generic via filter on the_content -->","protected":false},"excerpt":{"rendered":"<p>Come\u00e7a hoje (31) a propaganda eleitoral gratuita no r\u00e1dio e na televis\u00e3o dos candidatos que concorrem \u00e0s elei\u00e7\u00f5es de outubro. O hor\u00e1rio eleitoral do primeiro turno da elei\u00e7\u00e3o vai at\u00e9 4 de outubro. Para os presidenci\u00e1veis, os programas come\u00e7am a ir ao ar no s\u00e1bado (1\u00ba). O candidato do PDT \u00e0 presid\u00eancia da Rep\u00fablica, Ciro&#8230;<!-- AddThis Advanced Settings generic via filter on wp_trim_excerpt --><!-- AddThis Share Buttons generic via filter on wp_trim_excerpt --><\/p>\n","protected":false},"author":17,"featured_media":60899,"comment_status":"closed","ping_status":"closed","sticky":false,"template":"","format":"standard","meta":{"_monsterinsights_skip_tracking":false,"_monsterinsights_sitenote_active":false,"_monsterinsights_sitenote_note":"","_monsterinsights_sitenote_category":0,"_uf_show_specific_survey":0,"_uf_disable_surveys":false,"footnotes":""},"categories":[1390],"tags":[3090],"class_list":["post-60896","post","type-post","status-publish","format-standard","has-post-thumbnail","hentry","category-editorias","tag-horario-eleitoral"],"acf":[],"_links":{"self":[{"href":"https:\/\/pdt-rj.org.br\/index.php\/wp-json\/wp\/v2\/posts\/60896","targetHints":{"allow":["GET"]}}],"collection":[{"href":"https:\/\/pdt-rj.org.br\/index.php\/wp-json\/wp\/v2\/posts"}],"about":[{"href":"https:\/\/pdt-rj.org.br\/index.php\/wp-json\/wp\/v2\/types\/post"}],"author":[{"embeddable":true,"href":"https:\/\/pdt-rj.org.br\/index.php\/wp-json\/wp\/v2\/users\/17"}],"replies":[{"embeddable":true,"href":"https:\/\/pdt-rj.org.br\/index.php\/wp-json\/wp\/v2\/comments?post=60896"}],"version-history":[{"count":3,"href":"https:\/\/pdt-rj.org.br\/index.php\/wp-json\/wp\/v2\/posts\/60896\/revisions"}],"predecessor-version":[{"id":60941,"href":"https:\/\/pdt-rj.org.br\/index.php\/wp-json\/wp\/v2\/posts\/60896\/revisions\/60941"}],"wp:featuredmedia":[{"embeddable":true,"href":"https:\/\/pdt-rj.org.br\/index.php\/wp-json\/wp\/v2\/media\/60899"}],"wp:attachment":[{"href":"https:\/\/pdt-rj.org.br\/index.php\/wp-json\/wp\/v2\/media?parent=60896"}],"wp:term":[{"taxonomy":"category","embeddable":true,"href":"https:\/\/pdt-rj.org.br\/index.php\/wp-json\/wp\/v2\/categories?post=60896"},{"taxonomy":"post_tag","embeddable":true,"href":"https:\/\/pdt-rj.org.br\/index.php\/wp-json\/wp\/v2\/tags?post=60896"}],"curies":[{"name":"wp","href":"https:\/\/api.w.org\/{rel}","templated":true}]}}