{"id":60886,"date":"2018-08-31T13:47:27","date_gmt":"2018-08-31T16:47:27","guid":{"rendered":"http:\/\/pdt-rj.org.br\/?p=60886"},"modified":"2019-08-06T14:28:02","modified_gmt":"2019-08-06T17:28:02","slug":"ciro-se-encontra-com-sindicalistas-e-trabalhadores-de-lages-sc","status":"publish","type":"post","link":"https:\/\/pdt-rj.org.br\/index.php\/ciro-se-encontra-com-sindicalistas-e-trabalhadores-de-lages-sc\/","title":{"rendered":"Ciro debate revis\u00e3o da reforma trabalhista com sindicalistas em Lages (SC)"},"content":{"rendered":"<p>O candidato a presidente da Rep\u00fablica pelo PDT, Ciro Gomes, come\u00e7ou a sexta-feira (31) com atividades em Lages, munic\u00edpio de Santa Catarina. Ele esteve acompanhado do presidente nacional do partido, Carlos Lupi, e do candidato \u00b4a deputado federal no estado, Manoel Dias.<\/p>\n<p>A passagem de Ciro por Lages foi marcada por encontro com sindicalistas para debater a revis\u00e3o da reforma trabalhista. Al\u00e9m de defender os direitos dos trabalhadores, Ciro demonstrou seu apoio \u00e0 candidatura de Manoel Dias, que tamb\u00e9m j\u00e1 foi ministro do Trabalho.<\/p>\n<p>&#8220;Eu preciso muito dele na C\u00e2mara Federal. E eu fiz um apelo para que ele aceitasse ser mais um representante do povo de Santa \u00a0Catarina e ficar com a chave do meu gabinete, no Pal\u00e1cio do Planalto, para entrar l\u00e1 na hora e no dia, e para o assunto que quiser, na mudan\u00e7a e defesa do Brasil. E na mudan\u00e7a e apoio \u00e0 Santa Catarina &#8211; esse estado que o Brasil todo admira e quer bem&#8221;, ressaltou.<\/p>\n<p>&#8220;Manoel Dias tem um n\u00famero f\u00e1cil de decorar e muito bom de votar: 1234. \u00c9 um homem decente, s\u00e9rio, comprometido com a causa nacional, com a causa dos trabalhadores e com a mudan\u00e7a. E \u00e9 isso que eu ando pedindo para o povo brasileiro&#8221;, disse.<\/p>\n<p>Ao falar com jornalistas, Ciro criticou a decis\u00e3o do Supremo Tribunal Federal (STF), de que as empresas podem contratar trabalhadores terceirizados, inclusive, para a atividade-fim.<\/p>\n<p>&#8220;Nenhum pais do mundo cresce economicamente produzindo no mundo do trabalho inseguran\u00e7a \u00a0jur\u00eddica e inseguran\u00e7a econ\u00f4mica. Terceiriza\u00e7\u00e3o de atividade-fim \u00e9 praticamente uma volta \u00e0 escravid\u00e3o. E por qu\u00ea? Porque uma escola, hoje, vai poder contratar uma firma de araque, n\u00e3o pagar os direitos trabalhistas e usar o professor. Depois essa firma quebra, vai embora, como \u00e9 a hist\u00f3ria das terceiriza\u00e7\u00f5es no Brasil&#8221;, disse.<\/p>\n<p>&#8220;O Brasil precisa mudar e, portanto, \u00e9 na hora das elei\u00e7\u00f5es. Por isso, pe\u00e7o ao povo brasileiro, d\u00ea valor ao seu voto. \u00c9 o seu destino que est\u00e1 sendo jogado em Bras\u00edlia&#8221;, disse.<\/p>\n<p>Ciro tamb\u00e9m falou sobre a quest\u00e3o macroecon\u00f4mica do pa\u00eds e reiterou a necessidade de se criar um imposto sobre lucros e dividendos empresariais e de um tributo sobre as grandes heran\u00e7as, acima de R$ 2 milh\u00f5es. Disse que, dependendo da progressividade, \u00e9 poss\u00edvel arrecadar algo ao redor de R$ 30 bilh\u00f5es a R$ 40 bilh\u00f5es.<\/p>\n<p>O pedetista \u00a0ressaltou ainda \u00a0que a economia rural brasileira est\u00e1 retraindo esse ano, bem como a ind\u00fastria e constru\u00e7\u00e3o civil est\u00e3o em queda.<\/p>\n<p>&#8220;Todos os setores da economia est\u00e3o em profunda crise e os cinco maiores bancos tiveram um lucro de R$ 41 bilh\u00f5es no semestre. De onde est\u00e1 saindo esse dinheiro, sen\u00e3o da explora\u00e7\u00e3o da semi-escravid\u00e3o de 13,7 milh\u00f5es de desempregados; \u00a032 milh\u00f5es de brasileiros vivendo da informalidade e 63 milh\u00f5es de brasileiros passando pela humilha\u00e7\u00e3o de terem o nome no SPC. \u00c9 por isso que eu me levanto par oferecer uma solu\u00e7\u00e3o para o pa\u00eds\u201d, exclamou.<\/p>\n<p>&nbsp;<\/p>\n<!-- AddThis Advanced Settings generic via filter on the_content --><!-- AddThis Share Buttons generic via filter on the_content -->","protected":false},"excerpt":{"rendered":"<p>O candidato a presidente da Rep\u00fablica pelo PDT, Ciro Gomes, come\u00e7ou a sexta-feira (31) com atividades em Lages, munic\u00edpio de Santa Catarina. Ele esteve acompanhado do presidente nacional do partido, Carlos Lupi, e do candidato \u00b4a deputado federal no estado, Manoel Dias. A passagem de Ciro por Lages foi marcada por encontro com sindicalistas para&#8230;<!-- AddThis Advanced Settings generic via filter on wp_trim_excerpt --><!-- AddThis Share Buttons generic via filter on wp_trim_excerpt --><\/p>\n","protected":false},"author":17,"featured_media":60887,"comment_status":"closed","ping_status":"closed","sticky":false,"template":"","format":"standard","meta":{"_monsterinsights_skip_tracking":false,"_monsterinsights_sitenote_active":false,"_monsterinsights_sitenote_note":"","_monsterinsights_sitenote_category":0,"_uf_show_specific_survey":0,"_uf_disable_surveys":false,"footnotes":""},"categories":[3029,976],"tags":[],"class_list":["post-60886","post","type-post","status-publish","format-standard","has-post-thumbnail","hentry","category-eleicoes-2018","category-noticias-em-destaque"],"acf":[],"_links":{"self":[{"href":"https:\/\/pdt-rj.org.br\/index.php\/wp-json\/wp\/v2\/posts\/60886","targetHints":{"allow":["GET"]}}],"collection":[{"href":"https:\/\/pdt-rj.org.br\/index.php\/wp-json\/wp\/v2\/posts"}],"about":[{"href":"https:\/\/pdt-rj.org.br\/index.php\/wp-json\/wp\/v2\/types\/post"}],"author":[{"embeddable":true,"href":"https:\/\/pdt-rj.org.br\/index.php\/wp-json\/wp\/v2\/users\/17"}],"replies":[{"embeddable":true,"href":"https:\/\/pdt-rj.org.br\/index.php\/wp-json\/wp\/v2\/comments?post=60886"}],"version-history":[{"count":8,"href":"https:\/\/pdt-rj.org.br\/index.php\/wp-json\/wp\/v2\/posts\/60886\/revisions"}],"predecessor-version":[{"id":67237,"href":"https:\/\/pdt-rj.org.br\/index.php\/wp-json\/wp\/v2\/posts\/60886\/revisions\/67237"}],"wp:featuredmedia":[{"embeddable":true,"href":"https:\/\/pdt-rj.org.br\/index.php\/wp-json\/wp\/v2\/media\/60887"}],"wp:attachment":[{"href":"https:\/\/pdt-rj.org.br\/index.php\/wp-json\/wp\/v2\/media?parent=60886"}],"wp:term":[{"taxonomy":"category","embeddable":true,"href":"https:\/\/pdt-rj.org.br\/index.php\/wp-json\/wp\/v2\/categories?post=60886"},{"taxonomy":"post_tag","embeddable":true,"href":"https:\/\/pdt-rj.org.br\/index.php\/wp-json\/wp\/v2\/tags?post=60886"}],"curies":[{"name":"wp","href":"https:\/\/api.w.org\/{rel}","templated":true}]}}