{"id":60867,"date":"2018-08-29T20:43:30","date_gmt":"2018-08-29T23:43:30","guid":{"rendered":"http:\/\/pdt-rj.org.br\/?p=60867"},"modified":"2018-08-30T16:25:51","modified_gmt":"2018-08-30T19:25:51","slug":"ciro-gomes-estara-no-interior-paulista-nesta-quinta-feira-30","status":"publish","type":"post","link":"https:\/\/pdt-rj.org.br\/index.php\/ciro-gomes-estara-no-interior-paulista-nesta-quinta-feira-30\/","title":{"rendered":"Ciro Gomes estar\u00e1 na Unicamp nesta quinta-feira (30)"},"content":{"rendered":"<p>O candidato do PDT \u00e0 Presid\u00eancia da Rep\u00fablica, Ciro Gomes, faz campanha nesta quinta-feira (30), pela manh\u00e3, no interior paulista. O candidato \u00e0 presid\u00eancia da Rep\u00fablica visita a Universidade de Campinas (Unicamp).<\/p>\n<p>Servi\u00e7o:<\/p>\n<p>Visita \u00e0 Universidade de Campinas (Unicamp)<\/p>\n<p>Hor\u00e1rio: 9h<\/p>\n<p>Local: Rotat\u00f3ria da Uniamp &#8211; Prac\u0327a Henfil &#8211; Cidade Universita\u0301ria, Campinas(SP)<\/p>\n<!-- AddThis Advanced Settings generic via filter on the_content --><!-- AddThis Share Buttons generic via filter on the_content -->","protected":false},"excerpt":{"rendered":"<p>O candidato do PDT \u00e0 Presid\u00eancia da Rep\u00fablica, Ciro Gomes, faz campanha nesta quinta-feira (30), pela manh\u00e3, no interior paulista. O candidato \u00e0 presid\u00eancia da Rep\u00fablica visita a Universidade de Campinas (Unicamp). Servi\u00e7o: Visita \u00e0 Universidade de Campinas (Unicamp) Hor\u00e1rio: 9h Local: Rotat\u00f3ria da Uniamp &#8211; Prac\u0327a Henfil &#8211; Cidade Universita\u0301ria, Campinas(SP)<!-- AddThis Advanced Settings generic via filter on wp_trim_excerpt --><!-- AddThis Share Buttons generic via filter on wp_trim_excerpt --><\/p>\n","protected":false},"author":17,"featured_media":60872,"comment_status":"closed","ping_status":"closed","sticky":false,"template":"","format":"standard","meta":{"_monsterinsights_skip_tracking":false,"_monsterinsights_sitenote_active":false,"_monsterinsights_sitenote_note":"","_monsterinsights_sitenote_category":0,"_uf_show_specific_survey":0,"_uf_disable_surveys":false,"footnotes":""},"categories":[1390,3029],"tags":[],"class_list":["post-60867","post","type-post","status-publish","format-standard","has-post-thumbnail","hentry","category-editorias","category-eleicoes-2018"],"acf":[],"_links":{"self":[{"href":"https:\/\/pdt-rj.org.br\/index.php\/wp-json\/wp\/v2\/posts\/60867","targetHints":{"allow":["GET"]}}],"collection":[{"href":"https:\/\/pdt-rj.org.br\/index.php\/wp-json\/wp\/v2\/posts"}],"about":[{"href":"https:\/\/pdt-rj.org.br\/index.php\/wp-json\/wp\/v2\/types\/post"}],"author":[{"embeddable":true,"href":"https:\/\/pdt-rj.org.br\/index.php\/wp-json\/wp\/v2\/users\/17"}],"replies":[{"embeddable":true,"href":"https:\/\/pdt-rj.org.br\/index.php\/wp-json\/wp\/v2\/comments?post=60867"}],"version-history":[{"count":7,"href":"https:\/\/pdt-rj.org.br\/index.php\/wp-json\/wp\/v2\/posts\/60867\/revisions"}],"predecessor-version":[{"id":60879,"href":"https:\/\/pdt-rj.org.br\/index.php\/wp-json\/wp\/v2\/posts\/60867\/revisions\/60879"}],"wp:featuredmedia":[{"embeddable":true,"href":"https:\/\/pdt-rj.org.br\/index.php\/wp-json\/wp\/v2\/media\/60872"}],"wp:attachment":[{"href":"https:\/\/pdt-rj.org.br\/index.php\/wp-json\/wp\/v2\/media?parent=60867"}],"wp:term":[{"taxonomy":"category","embeddable":true,"href":"https:\/\/pdt-rj.org.br\/index.php\/wp-json\/wp\/v2\/categories?post=60867"},{"taxonomy":"post_tag","embeddable":true,"href":"https:\/\/pdt-rj.org.br\/index.php\/wp-json\/wp\/v2\/tags?post=60867"}],"curies":[{"name":"wp","href":"https:\/\/api.w.org\/{rel}","templated":true}]}}