{"id":60853,"date":"2018-08-29T19:11:04","date_gmt":"2018-08-29T22:11:04","guid":{"rendered":"http:\/\/pdt-rj.org.br\/?p=60853"},"modified":"2018-08-29T19:18:06","modified_gmt":"2018-08-29T22:18:06","slug":"ciro-assina-termo-de-compromisso-para-garantir-direitos-da-primeira-infancia","status":"publish","type":"post","link":"https:\/\/pdt-rj.org.br\/index.php\/ciro-assina-termo-de-compromisso-para-garantir-direitos-da-primeira-infancia\/","title":{"rendered":"Ciro assina Termo de Compromisso para garantir direitos da primeira inf\u00e2ncia"},"content":{"rendered":"<p>O candidato do PDT \u00e0 presid\u00eancia da Rep\u00fablica, Ciro Gomes, assinou nesta quarta-feira (29), em Bras\u00edlia, um Termo de Compromisso que garante a cria\u00e7\u00e3o e implementa\u00e7\u00e3o de pol\u00edticas p\u00fablicas para fortalecimento dos direitos da crian\u00e7a na chamada Primeira Inf\u00e2ncia \u2013 que vai do nascimento at\u00e9 os seis primeiros anos de vida. O documento foi entregue por Miriam Pragita da Rede Nacional pela Primeira Inf\u00e2ncia.<\/p>\n<p>O ato aconteceu durante encontro com reitores na Associa\u00e7\u00e3o Nacional dos Dirigentes das Institui\u00e7\u00f5es Federais de Ensino Superior (Andifes).\u00a0Na ocasi\u00e3o, o presidenci\u00e1vel recebeu da entidade o documento \u201cEduca\u00e7\u00e3o para a democracia e o desenvolvimento\u201d, com propostas dos reitores e reitoras das universidades federais para o desenvolvimento econ\u00f4mico e social do Brasil nos pr\u00f3ximos anos.<\/p>\n<p>No evento, Ciro teve a oportunidade de apresentar uma de suas principais propostas para a \u00e1rea da educa\u00e7\u00e3o: escola em tempo integral profissionalizante e com est\u00e1gio remunerado para ajudar o jovem a adquirir a primeira experi\u00eancia para entrar no mercado de trabalho.<\/p>\n<p>E, antes de come\u00e7ar o debate com os reitores, ele conversou com jornalistas, onde teve a oportunidade de falar sobre suas metas na \u00e1rea de educa\u00e7\u00e3o.<\/p>\n<p>\u201cSe eu tiver um real, tiver que sacrificar tudo mais, vou fazer como estamos fazendo no Cear\u00e1: aplicarei em educa\u00e7\u00e3o. O Cear\u00e1 tem 77 das 100 melhores escolas b\u00e1sicas do Brasil apuradas pelo Ideb [\u00cdndice de Desenvolvimento da Educa\u00e7\u00e3o B\u00e1sica] e o melhor Ideb do Pa\u00eds \u00e9 o da minha cidade, que est\u00e1 encravada na pobreza do semi-\u00e1rido. Isso se faz buscando dois movimentos que eu pretendo fazer no Brasil, sendo o Cear\u00e1 um dos estados mais pobres\u201d, afirmou aos jornalistas.<\/p>\n<p>\u201cPortanto, tenho todo compromisso de tentar buscar um padr\u00e3o de universidade p\u00fablica compat\u00edvel, como por exemplo, com o tamanho da Col\u00f4mbia, que d\u00e1 vagas para 42 garotos de 18 a 25 anos, enquanto o Brasil s\u00f3 d\u00e1 vagas a 21\u201d, disse.<\/p>\n<p>Nesse contexto, se comprometeu a criar vagas em escolas, em tempo integral profissionalizante, e com tr\u00eas refei\u00e7\u00f5es, assist\u00eancia m\u00e9dica odontol\u00f3gica, cultura e lazer e est\u00e1gio remunerado pelo governo nas empresas.<\/p>\n<p>\u201c\u00c9 para ajudar o jovem a adquirir a primeira experi\u00eancia sem a qual ele n\u00e3o vai entrar no mercado. Se o Cear\u00e1, que \u00e9 muito pobre e j\u00e1 est\u00e1 fazendo isso, muito mais ser\u00e1 capaz o Brasil de fazer\u201d, afirmou.<\/p>\n<p>O presidenci\u00e1vel disse que \u00e9 preciso preparar o estudante para que ele pense e passe a olhar criticamente a vida, o que requer uma reestrutura\u00e7\u00e3o de todo o magist\u00e9rio com seus est\u00edmulos.<\/p>\n<p>\u201cPrimeiro, tem que haver uma mudan\u00e7a profunda do paradigma da realidade pedag\u00f3gica, ou seja, que tipo de escola n\u00f3s oferecemos ao filho do trabalhador e ao filho da classe m\u00e9dia que n\u00e3o d\u00e3o conta de pagar a mensalidade escolar. Essa escola do decoreba, em tempos de Google, n\u00e3o existe mais\u201d, apontou.<\/p>\n<p>A segunda quest\u00e3o, para o candidato, s\u00e3o metas objetivas do Plano Nacional de Educa\u00e7\u00e3o do Brasil que, segundo ele, j\u00e1 est\u00e3o atrasadas.<\/p>\n<p>\u201cCome\u00e7a desde a creche, em tempo integral, e meu compromisso \u00e9 antecipar as metas para que haja 50% de matr\u00edculas para todas as crian\u00e7as de zero a tr\u00eas anos, que \u00e9 quando se formam as aptid\u00f5es do c\u00e9rebro da crian\u00e7a e at\u00e9 a universidade\u201d, disse, refor\u00e7ando que estas institui\u00e7\u00f5es est\u00e3o passando pelo constrangimento, \u201cabsolutamente criminoso\u201d, da emenda 95, que pro\u00edbe a expans\u00e3o de investimentos em educa\u00e7\u00e3o por vinte anos.<\/p>\n<p>Recursos \u2013 Questionado se vai ter dinheiro para tal demanda, voltou a afirmar a necessidade de revogar a emenda 95.<\/p>\n<p>\u201cO dinheiro vem de um conjunto de propostas que tamb\u00e9m est\u00e3o no meu compromisso e eu sou uma pessoa muito s\u00e9ria. Eu n\u00e3o ando prometendo o que eu n\u00e3o posso fazer. Eu s\u00f3 prometo o que eu estudo e sou capaz de fazer\u201d, ratificou.<\/p>\n<p>Ciro falou sobre a necessidade de criar um imposto sobre lucros e dividendos empresariais. Ele estima arrecadar ao redor de R$ 50 bilh\u00f5es por ano com a medida. Tamb\u00e9m pretende criar um tributo sobre as grandes heran\u00e7as acima de R$ 2 milh\u00f5es.<\/p>\n<p>\u201cE eu quero passar um pente fino em R$ 354 bilh\u00f5es que hoje o governo dispensa de cobrar dos mais ricos, dos impostos que j\u00e1 existem na lei. Se eu conseguir o \u00eaxito de passar um pente fino nisso e tirar s\u00f3 R$ 40 bilh\u00f5es, R$ 50 bilh\u00f5es, ai est\u00e1 o fecho por onde eu vou tirar o Brasil do desequil\u00edbrio das contas. E vou priorizar cada centavo para educa\u00e7\u00e3o do povo brasileiro\u201d, finalizou.<\/p>\n<!-- AddThis Advanced Settings generic via filter on the_content --><!-- AddThis Share Buttons generic via filter on the_content -->","protected":false},"excerpt":{"rendered":"<p>O candidato do PDT \u00e0 presid\u00eancia da Rep\u00fablica, Ciro Gomes, assinou nesta quarta-feira (29), em Bras\u00edlia, um Termo de Compromisso que garante a cria\u00e7\u00e3o e implementa\u00e7\u00e3o de pol\u00edticas p\u00fablicas para fortalecimento dos direitos da crian\u00e7a na chamada Primeira Inf\u00e2ncia \u2013 que vai do nascimento at\u00e9 os seis primeiros anos de vida. O documento foi entregue&#8230;<!-- AddThis Advanced Settings generic via filter on wp_trim_excerpt --><!-- AddThis Share Buttons generic via filter on wp_trim_excerpt --><\/p>\n","protected":false},"author":17,"featured_media":60854,"comment_status":"closed","ping_status":"closed","sticky":false,"template":"","format":"standard","meta":{"_monsterinsights_skip_tracking":false,"_monsterinsights_sitenote_active":false,"_monsterinsights_sitenote_note":"","_monsterinsights_sitenote_category":0,"_uf_show_specific_survey":0,"_uf_disable_surveys":false,"footnotes":""},"categories":[3029,975,1401],"tags":[3082,220,2145,3081,38,3083],"class_list":["post-60853","post","type-post","status-publish","format-standard","has-post-thumbnail","hentry","category-eleicoes-2018","category-manchete","category-nacional","tag-andifes","tag-ciro-gomes","tag-escola-em-tempo-integral","tag-escolas-profissionalizantes","tag-pdt","tag-primeira-infancia"],"acf":[],"_links":{"self":[{"href":"https:\/\/pdt-rj.org.br\/index.php\/wp-json\/wp\/v2\/posts\/60853","targetHints":{"allow":["GET"]}}],"collection":[{"href":"https:\/\/pdt-rj.org.br\/index.php\/wp-json\/wp\/v2\/posts"}],"about":[{"href":"https:\/\/pdt-rj.org.br\/index.php\/wp-json\/wp\/v2\/types\/post"}],"author":[{"embeddable":true,"href":"https:\/\/pdt-rj.org.br\/index.php\/wp-json\/wp\/v2\/users\/17"}],"replies":[{"embeddable":true,"href":"https:\/\/pdt-rj.org.br\/index.php\/wp-json\/wp\/v2\/comments?post=60853"}],"version-history":[{"count":3,"href":"https:\/\/pdt-rj.org.br\/index.php\/wp-json\/wp\/v2\/posts\/60853\/revisions"}],"predecessor-version":[{"id":60857,"href":"https:\/\/pdt-rj.org.br\/index.php\/wp-json\/wp\/v2\/posts\/60853\/revisions\/60857"}],"wp:featuredmedia":[{"embeddable":true,"href":"https:\/\/pdt-rj.org.br\/index.php\/wp-json\/wp\/v2\/media\/60854"}],"wp:attachment":[{"href":"https:\/\/pdt-rj.org.br\/index.php\/wp-json\/wp\/v2\/media?parent=60853"}],"wp:term":[{"taxonomy":"category","embeddable":true,"href":"https:\/\/pdt-rj.org.br\/index.php\/wp-json\/wp\/v2\/categories?post=60853"},{"taxonomy":"post_tag","embeddable":true,"href":"https:\/\/pdt-rj.org.br\/index.php\/wp-json\/wp\/v2\/tags?post=60853"}],"curies":[{"name":"wp","href":"https:\/\/api.w.org\/{rel}","templated":true}]}}