{"id":60846,"date":"2018-08-29T18:11:33","date_gmt":"2018-08-29T21:11:33","guid":{"rendered":"http:\/\/pdt-rj.org.br\/?p=60846"},"modified":"2018-08-29T18:13:39","modified_gmt":"2018-08-29T21:13:39","slug":"temos-que-dar-um-banho-de-paranismo-em-nossas-estatais-diz-nelton-friedrich","status":"publish","type":"post","link":"https:\/\/pdt-rj.org.br\/index.php\/temos-que-dar-um-banho-de-paranismo-em-nossas-estatais-diz-nelton-friedrich\/","title":{"rendered":"&#8220;Temos que dar um banho de paranismo em nossas estatais\u201d, diz Nelton Friedrich"},"content":{"rendered":"<p>O jornal eletr\u00f4nico Gazeta do Povo realizou, nessa ter\u00e7a-feira (27) um debate entre os primeiros dois candidatos ao Senado: <a href=\"http:\/\/pdt-rj.org.br\/index.php\/nelton-friedrich\/\"><strong>Nelton Friedrich<\/strong><\/a> (PDT) e Rodrigo Tomazini (PSOL). Os nomes dos debatedores foram sorteados e cada um teve 45 minutos para expor suas ideias. Nelton contou que decidiu entrar na pol\u00edtica novamente \u2013 ap\u00f3s quase 12 anos sem mandato \u2013 pela indigna\u00e7\u00e3o que sentiu ao ver o banco de neg\u00f3cios que virou o Paran\u00e1 e o Brasil.<\/p>\n<p>\u201cPol\u00edtica virou um grande neg\u00f3cio para muitos. O povo j\u00e1 n\u00e3o se sente mais representado pelos que se dizem representantes. Houve um grande div\u00f3rcio entre a popula\u00e7\u00e3o e os pol\u00edticos. Acho que posso contribuir para mudar esse cen\u00e1rio e resgatar o nosso pa\u00eds\u201d, afirmou Nelton.<\/p>\n<p><strong>Agenda <\/strong><\/p>\n<p>Nelton Friedrich afirmou que \u00e9 urgente a cria\u00e7\u00e3o de uma agenda para o Paran\u00e1 que contemple n\u00e3o o interesse de grupos, mas o interesse dos paranaenses. \u201cQual a agenda que temos para o Paran\u00e1? Temos iniciativas pontuais, mas n\u00e3o temos um projeto de Estado, de consenso do povo\u201d, elencou. Ele ponderou problemas que para ele se tornaram cr\u00edticos como a carga tribut\u00e1ria e a infla\u00e7\u00e3o. Enquanto houve 50% de aumento inflacion\u00e1rio no Estado, no mesmo per\u00edodo houve 146% de reajuste da tarifa da \u00e1gua e 140% na energia. \u201cEste foi um governo de garganta profunda em tributos em cima do povo do Paran\u00e1\u201d.<\/p>\n<p><strong>Gera\u00e7\u00e3o de Empregos<\/strong><\/p>\n<p>Para Nelton Friedrich, a grande prioridade nacional \u00e9 a gera\u00e7\u00e3o de empregos e renda. Ele falou sobre o absurdo do lucro dos banqueiros enquanto milh\u00f5es de brasileiros padecem desempregados ou tendo que fazer \u201cbicos\u201d para sobreviver. \u201cSer\u00e1 que temos que ter lucro e taxas banc\u00e1rias mais altas do que tudo que \u00e9 investido em educa\u00e7\u00e3o no Brasil? Isso est\u00e1 certo? Tudo isso aprovado pela C\u00e2mara e pelo Senado. Claro que n\u00e3o est\u00e1 certo e temos que inverter essa realidade.<\/p>\n<p><strong>Energia <\/strong><\/p>\n<p>Nelton Friedrich pontou que ser\u00e1 o senador das energias renov\u00e1veis. Ele lembrou que coordenou o movimento contra a venda da Copel no Paran\u00e1 e v\u00ea com tristeza a situa\u00e7\u00e3o que ela ficou \u2013 privilegiando apenas os acionistas. \u201cAgora deturparam a Copel, que est\u00e1 atr\u00e1s de lucro para os acionistas e aumenta as taxas para os paranaenses. Temos que dar um banho de paranismo em nossas estatais\u201d.<\/p>\n<p>Nelton lembrou de experi\u00eancias realizadas na Itaipu Binacional, quando ele era diretor, para diversos tipos de energias renov\u00e1veis que podem ser usadas no Paran\u00e1, transformando o Estado em refer\u00eancia nacional e gerando renda no campo e nas cidades, com redu\u00e7\u00e3o da energia el\u00e9trica. \u201cO Brasil pode se tornar uma pot\u00eancia mundial das energias renov\u00e1veis. Temos intelig\u00eancia. Falta vontade pol\u00edtica\u201d.<\/p>\n<!-- AddThis Advanced Settings generic via filter on the_content --><!-- AddThis Share Buttons generic via filter on the_content -->","protected":false},"excerpt":{"rendered":"<p>O jornal eletr\u00f4nico Gazeta do Povo realizou, nessa ter\u00e7a-feira (27) um debate entre os primeiros dois candidatos ao Senado: Nelton Friedrich (PDT) e Rodrigo Tomazini (PSOL). Os nomes dos debatedores foram sorteados e cada um teve 45 minutos para expor suas ideias. Nelton contou que decidiu entrar na pol\u00edtica novamente \u2013 ap\u00f3s quase 12 anos&#8230;<!-- AddThis Advanced Settings generic via filter on wp_trim_excerpt --><!-- AddThis Share Buttons generic via filter on wp_trim_excerpt --><\/p>\n","protected":false},"author":17,"featured_media":60847,"comment_status":"closed","ping_status":"closed","sticky":false,"template":"","format":"standard","meta":{"_monsterinsights_skip_tracking":false,"_monsterinsights_sitenote_active":false,"_monsterinsights_sitenote_note":"","_monsterinsights_sitenote_category":0,"_uf_show_specific_survey":0,"_uf_disable_surveys":false,"footnotes":""},"categories":[1390,1402,3029],"tags":[3060],"class_list":["post-60846","post","type-post","status-publish","format-standard","has-post-thumbnail","hentry","category-editorias","category-cidades","category-eleicoes-2018","tag-nelton-friedrich"],"acf":[],"_links":{"self":[{"href":"https:\/\/pdt-rj.org.br\/index.php\/wp-json\/wp\/v2\/posts\/60846","targetHints":{"allow":["GET"]}}],"collection":[{"href":"https:\/\/pdt-rj.org.br\/index.php\/wp-json\/wp\/v2\/posts"}],"about":[{"href":"https:\/\/pdt-rj.org.br\/index.php\/wp-json\/wp\/v2\/types\/post"}],"author":[{"embeddable":true,"href":"https:\/\/pdt-rj.org.br\/index.php\/wp-json\/wp\/v2\/users\/17"}],"replies":[{"embeddable":true,"href":"https:\/\/pdt-rj.org.br\/index.php\/wp-json\/wp\/v2\/comments?post=60846"}],"version-history":[{"count":2,"href":"https:\/\/pdt-rj.org.br\/index.php\/wp-json\/wp\/v2\/posts\/60846\/revisions"}],"predecessor-version":[{"id":60849,"href":"https:\/\/pdt-rj.org.br\/index.php\/wp-json\/wp\/v2\/posts\/60846\/revisions\/60849"}],"wp:featuredmedia":[{"embeddable":true,"href":"https:\/\/pdt-rj.org.br\/index.php\/wp-json\/wp\/v2\/media\/60847"}],"wp:attachment":[{"href":"https:\/\/pdt-rj.org.br\/index.php\/wp-json\/wp\/v2\/media?parent=60846"}],"wp:term":[{"taxonomy":"category","embeddable":true,"href":"https:\/\/pdt-rj.org.br\/index.php\/wp-json\/wp\/v2\/categories?post=60846"},{"taxonomy":"post_tag","embeddable":true,"href":"https:\/\/pdt-rj.org.br\/index.php\/wp-json\/wp\/v2\/tags?post=60846"}],"curies":[{"name":"wp","href":"https:\/\/api.w.org\/{rel}","templated":true}]}}