{"id":60806,"date":"2018-08-28T00:07:55","date_gmt":"2018-08-28T03:07:55","guid":{"rendered":"http:\/\/pdt-rj.org.br\/?p=60806"},"modified":"2018-08-31T18:30:20","modified_gmt":"2018-08-31T21:30:20","slug":"ciro-se-posicionou-em-relacao-a-carlos-lupi","status":"publish","type":"post","link":"https:\/\/pdt-rj.org.br\/index.php\/ciro-se-posicionou-em-relacao-a-carlos-lupi\/","title":{"rendered":"Ciro se posiciona em rela\u00e7\u00e3o a Carlos Lupi"},"content":{"rendered":"<p>Na noite desta segunda-feira, ap\u00f3s a entrevista para o Jornal Nacional, Ciro se posicionou sobre sobre as afirma\u00e7\u00f5es feitas em rela\u00e7\u00e3o a Carlos Lupi, presidente Nacional do PDT.<\/p>\n<p>\u201cSigo afirmando: Lupi \u00e9 um homem s\u00e9rio!\u201d<\/p>\n<p>Leia nota publicada hoje: \u202c<br \/>\n\u202aESCLARECIMENTO SOBRE O QUE FOI DITO NO JORNAL NACIONAL\u202c<\/p>\n<p>Em mais de 30 anos de vida p\u00fablica, jamais respondi a nenhum processo criminal e\/ou fui investigado por corrup\u00e7\u00e3o. Tenho FICHA LIMPA e os certificados abaixo, expedidos em maio deste ano, provam isso.<\/p>\n<p>A respeito do que foi dito pelo jornalista William Bonner no Jornal Nacional durante a entrevista do candidato do PDT \u00e0 Presid\u00eancia, Ciro Gomes, venho esclarecer:<\/p>\n<p>Em 2011, fui acusado por uma revista de ter utilizado um avi\u00e3o de propriedade do dono de uma ONG durante um compromisso oficial no Maranh\u00e3o em 2009 em troca de conceder benef\u00edcios a essa ONG em posteriores licita\u00e7\u00f5es do Minist\u00e9rio do Trabalho.<\/p>\n<p>Diante disso, eu mesmo entrei com uma a\u00e7\u00e3o no Minist\u00e9rio da Justi\u00e7a para a devida apura\u00e7\u00e3o dos fatos. Ap\u00f3s exaustiva apura\u00e7\u00e3o, sequer foi instaurado inqu\u00e9rito criminal contra mim.<\/p>\n<p>Em 2012, o MPF moveu uma a\u00e7\u00e3o civil p\u00fablica para apurar se seria necess\u00e1rio ressarcimento aos cofres p\u00fablicos caso houvesse ocorrido improbidade administrativa.<br \/>\nN\u00e3o seria o caso de ressarcimento, pois n\u00e3o foi gerada nenhuma despesa. Mesmo cumprindo agenda oficial, n\u00e3o utilizei o avi\u00e3o da FAB, o que geraria custos.<br \/>\nA a\u00e7\u00e3o est\u00e1 desde 2012 na 6\u00aa Vara do Distrito Federal, sem parecer.<\/p>\n<p>Lamento que o Jornal Nacional n\u00e3o tenha sequer explicado do que se trata o caso, tendo apenas jogado a informa\u00e7\u00e3o sem nenhum compromisso em contextualizar a not\u00edcia.<\/p>\n<p>Refor\u00e7o que sou FICHA LIMPA e n\u00e3o aceitarei que meu nome seja citado sem o devido esclarecimento, na tentativa de me igualar a pol\u00edticos sob investiga\u00e7\u00f5es grav\u00edssimas de corrup\u00e7\u00e3o e com o claro objetivo de prejudicar a candidatura do combativo Ciro Gomes \u00e0 Presid\u00eancia do Brasil.<\/p>\n<p style=\"text-align: center;\"><strong>Carlos Lupi<\/strong><br \/>\n<strong>Presidente Nacional do PDT<\/strong><\/p>\n<!-- AddThis Advanced Settings generic via filter on the_content --><!-- AddThis Share Buttons generic via filter on the_content -->","protected":false},"excerpt":{"rendered":"<p>Na noite desta segunda-feira, ap\u00f3s a entrevista para o Jornal Nacional, Ciro se posicionou sobre sobre as afirma\u00e7\u00f5es feitas em rela\u00e7\u00e3o a Carlos Lupi, presidente Nacional do PDT. \u201cSigo afirmando: Lupi \u00e9 um homem s\u00e9rio!\u201d Leia nota publicada hoje: \u202c \u202aESCLARECIMENTO SOBRE O QUE FOI DITO NO JORNAL NACIONAL\u202c Em mais de 30 anos de&#8230;<!-- AddThis Advanced Settings generic via filter on wp_trim_excerpt --><!-- AddThis Share Buttons generic via filter on wp_trim_excerpt --><\/p>\n","protected":false},"author":17,"featured_media":60807,"comment_status":"closed","ping_status":"closed","sticky":false,"template":"","format":"standard","meta":{"_monsterinsights_skip_tracking":false,"_monsterinsights_sitenote_active":false,"_monsterinsights_sitenote_note":"","_monsterinsights_sitenote_category":0,"_uf_show_specific_survey":0,"_uf_disable_surveys":false,"footnotes":""},"categories":[1390,975],"tags":[196,220,3078,38],"class_list":["post-60806","post","type-post","status-publish","format-standard","has-post-thumbnail","hentry","category-editorias","category-manchete","tag-carlos-lupi","tag-ciro-gomes","tag-jornal-nacional","tag-pdt"],"acf":[],"_links":{"self":[{"href":"https:\/\/pdt-rj.org.br\/index.php\/wp-json\/wp\/v2\/posts\/60806","targetHints":{"allow":["GET"]}}],"collection":[{"href":"https:\/\/pdt-rj.org.br\/index.php\/wp-json\/wp\/v2\/posts"}],"about":[{"href":"https:\/\/pdt-rj.org.br\/index.php\/wp-json\/wp\/v2\/types\/post"}],"author":[{"embeddable":true,"href":"https:\/\/pdt-rj.org.br\/index.php\/wp-json\/wp\/v2\/users\/17"}],"replies":[{"embeddable":true,"href":"https:\/\/pdt-rj.org.br\/index.php\/wp-json\/wp\/v2\/comments?post=60806"}],"version-history":[{"count":4,"href":"https:\/\/pdt-rj.org.br\/index.php\/wp-json\/wp\/v2\/posts\/60806\/revisions"}],"predecessor-version":[{"id":60906,"href":"https:\/\/pdt-rj.org.br\/index.php\/wp-json\/wp\/v2\/posts\/60806\/revisions\/60906"}],"wp:featuredmedia":[{"embeddable":true,"href":"https:\/\/pdt-rj.org.br\/index.php\/wp-json\/wp\/v2\/media\/60807"}],"wp:attachment":[{"href":"https:\/\/pdt-rj.org.br\/index.php\/wp-json\/wp\/v2\/media?parent=60806"}],"wp:term":[{"taxonomy":"category","embeddable":true,"href":"https:\/\/pdt-rj.org.br\/index.php\/wp-json\/wp\/v2\/categories?post=60806"},{"taxonomy":"post_tag","embeddable":true,"href":"https:\/\/pdt-rj.org.br\/index.php\/wp-json\/wp\/v2\/tags?post=60806"}],"curies":[{"name":"wp","href":"https:\/\/api.w.org\/{rel}","templated":true}]}}