{"id":60801,"date":"2018-08-27T19:52:56","date_gmt":"2018-08-27T22:52:56","guid":{"rendered":"http:\/\/pdt-rj.org.br\/?p=60801"},"modified":"2018-08-28T17:46:28","modified_gmt":"2018-08-28T20:46:28","slug":"ciro-caminha-por-sao-goncalo-rj-nesta-terca-feira-28","status":"publish","type":"post","link":"https:\/\/pdt-rj.org.br\/index.php\/ciro-caminha-por-sao-goncalo-rj-nesta-terca-feira-28\/","title":{"rendered":"Ciro caminha por S\u00e3o Gon\u00e7alo (RJ) nesta ter\u00e7a-feira (28)"},"content":{"rendered":"<p>O candidato \u00e0 presid\u00eancia da Rep\u00fablica, Ciro Gomes, cumpre agenda no Rio de Janeiro nesta ter\u00e7a-feira (28).\u00a0O pedetista participa, a partir das 9h, de uma caminhada na Pra\u00e7a do Rodo de S\u00e3o Gon\u00e7alo, ao lado de Pedro Fernandes, candidato do PDT \u00e0 Presid\u00eancia da Rep\u00fablica, de Jos\u00e9 Bonif\u00e1cio, candidato do PDT ao Senado, entre outras lideran\u00e7as.<\/p>\n<p><strong>Servi\u00e7o:<\/strong><\/p>\n<p>Caminhada em S\u00e3o Gon\u00e7alo<br \/>\nHor\u00e1rio: 9h<br \/>\nLocal: Pra\u00e7a do Rodo de S\u00e3o Gon\u00e7alo<br \/>\nAvenida Feliciano Sodr\u00e9 &#8211; S\u00e3o Gon\u00e7alo (RJ)<\/p>\n<p>Lan\u00e7amento das candidaturas de Jo\u00e3o Paulo Felizardo a deputado estadual e de<br \/>\nM\u00e1rio Heringer a deputado federal por Minas Gerais<br \/>\nHor\u00e1rio: 17h30<br \/>\nLocal: Rua Silvio Modesto de Souza, 221 &#8211; Bairro Nova Lavras &#8211; Lavras (MG)<br \/>\n(Em frente \u00e0 par\u00f3quia Nossa Senhora de F\u00e1tima)<\/p>\n<!-- AddThis Advanced Settings generic via filter on the_content --><!-- AddThis Share Buttons generic via filter on the_content -->","protected":false},"excerpt":{"rendered":"<p>O candidato \u00e0 presid\u00eancia da Rep\u00fablica, Ciro Gomes, cumpre agenda no Rio de Janeiro nesta ter\u00e7a-feira (28).\u00a0O pedetista participa, a partir das 9h, de uma caminhada na Pra\u00e7a do Rodo de S\u00e3o Gon\u00e7alo, ao lado de Pedro Fernandes, candidato do PDT \u00e0 Presid\u00eancia da Rep\u00fablica, de Jos\u00e9 Bonif\u00e1cio, candidato do PDT ao Senado, entre outras&#8230;<!-- AddThis Advanced Settings generic via filter on wp_trim_excerpt --><!-- AddThis Share Buttons generic via filter on wp_trim_excerpt --><\/p>\n","protected":false},"author":17,"featured_media":60802,"comment_status":"closed","ping_status":"closed","sticky":false,"template":"","format":"standard","meta":{"_monsterinsights_skip_tracking":false,"_monsterinsights_sitenote_active":false,"_monsterinsights_sitenote_note":"","_monsterinsights_sitenote_category":0,"_uf_show_specific_survey":0,"_uf_disable_surveys":false,"footnotes":""},"categories":[1390],"tags":[220,3080,38,2949],"class_list":["post-60801","post","type-post","status-publish","format-standard","has-post-thumbnail","hentry","category-editorias","tag-ciro-gomes","tag-eleicoes-32018","tag-pdt","tag-pedro-fernandes"],"acf":[],"_links":{"self":[{"href":"https:\/\/pdt-rj.org.br\/index.php\/wp-json\/wp\/v2\/posts\/60801","targetHints":{"allow":["GET"]}}],"collection":[{"href":"https:\/\/pdt-rj.org.br\/index.php\/wp-json\/wp\/v2\/posts"}],"about":[{"href":"https:\/\/pdt-rj.org.br\/index.php\/wp-json\/wp\/v2\/types\/post"}],"author":[{"embeddable":true,"href":"https:\/\/pdt-rj.org.br\/index.php\/wp-json\/wp\/v2\/users\/17"}],"replies":[{"embeddable":true,"href":"https:\/\/pdt-rj.org.br\/index.php\/wp-json\/wp\/v2\/comments?post=60801"}],"version-history":[{"count":7,"href":"https:\/\/pdt-rj.org.br\/index.php\/wp-json\/wp\/v2\/posts\/60801\/revisions"}],"predecessor-version":[{"id":60823,"href":"https:\/\/pdt-rj.org.br\/index.php\/wp-json\/wp\/v2\/posts\/60801\/revisions\/60823"}],"wp:featuredmedia":[{"embeddable":true,"href":"https:\/\/pdt-rj.org.br\/index.php\/wp-json\/wp\/v2\/media\/60802"}],"wp:attachment":[{"href":"https:\/\/pdt-rj.org.br\/index.php\/wp-json\/wp\/v2\/media?parent=60801"}],"wp:term":[{"taxonomy":"category","embeddable":true,"href":"https:\/\/pdt-rj.org.br\/index.php\/wp-json\/wp\/v2\/categories?post=60801"},{"taxonomy":"post_tag","embeddable":true,"href":"https:\/\/pdt-rj.org.br\/index.php\/wp-json\/wp\/v2\/tags?post=60801"}],"curies":[{"name":"wp","href":"https:\/\/api.w.org\/{rel}","templated":true}]}}