{"id":60774,"date":"2018-08-26T23:21:58","date_gmt":"2018-08-27T02:21:58","guid":{"rendered":"http:\/\/pdt-rj.org.br\/?p=60774"},"modified":"2018-08-28T00:12:43","modified_gmt":"2018-08-28T03:12:43","slug":"ciro-e-o-entrevistado-do-jornal-nacional-desta-segunda-feira-27","status":"publish","type":"post","link":"https:\/\/pdt-rj.org.br\/index.php\/ciro-e-o-entrevistado-do-jornal-nacional-desta-segunda-feira-27\/","title":{"rendered":"Ciro \u00e9 o entrevistado do Jornal Nacional desta segunda-feira (27)"},"content":{"rendered":"<p>O presidenci\u00e1vel Ciro Gomes come\u00e7a a semana com uma s\u00e9rie de entrevistas j\u00e1 na segunda-feira (27).<\/p>\n<p>Pela manh\u00e3, Ciro esteve na TV Vila Real para uma conversa com o pessoal do Mato Grosso. A emissora \u00e9 afiliada da Rede Record Mato Grosso.<\/p>\n<p>\u00c0 noite, o pedetista ser\u00e1 o entrevistado do Jornal Nacional, \u00e0s 20h30.<\/p>\n<p>Depois, \u00e0s 22h, \u00e9 a vez de Ciro conceder entrevista ao Jornal das Dez, da GloboNews.<\/p>\n<p>Servi\u00e7o:<\/p>\n<p>Entrevista TV Vila Real (afiliada da Rede Record Mato Grosso)<br \/>\nHor\u00e1rio: 6h (hor\u00e1rio de MT)<\/p>\n<p>Entrevista Jornal Nacional<br \/>\nHor\u00e1rio: 20h30<\/p>\n<p>Entrevista Jornal das Dez, da GloboNews<br \/>\nHor\u00e1rio: 22h<\/p>\n<!-- AddThis Advanced Settings generic via filter on the_content --><!-- AddThis Share Buttons generic via filter on the_content -->","protected":false},"excerpt":{"rendered":"<p>O presidenci\u00e1vel Ciro Gomes come\u00e7a a semana com uma s\u00e9rie de entrevistas j\u00e1 na segunda-feira (27). Pela manh\u00e3, Ciro esteve na TV Vila Real para uma conversa com o pessoal do Mato Grosso. A emissora \u00e9 afiliada da Rede Record Mato Grosso. \u00c0 noite, o pedetista ser\u00e1 o entrevistado do Jornal Nacional, \u00e0s 20h30. Depois,&#8230;<!-- AddThis Advanced Settings generic via filter on wp_trim_excerpt --><!-- AddThis Share Buttons generic via filter on wp_trim_excerpt --><\/p>\n","protected":false},"author":17,"featured_media":60775,"comment_status":"closed","ping_status":"closed","sticky":false,"template":"","format":"standard","meta":{"_monsterinsights_skip_tracking":false,"_monsterinsights_sitenote_active":false,"_monsterinsights_sitenote_note":"","_monsterinsights_sitenote_category":0,"_uf_show_specific_survey":0,"_uf_disable_surveys":false,"footnotes":""},"categories":[1390],"tags":[220,223],"class_list":["post-60774","post","type-post","status-publish","format-standard","has-post-thumbnail","hentry","category-editorias","tag-ciro-gomes","tag-ciro-presidente"],"acf":[],"_links":{"self":[{"href":"https:\/\/pdt-rj.org.br\/index.php\/wp-json\/wp\/v2\/posts\/60774","targetHints":{"allow":["GET"]}}],"collection":[{"href":"https:\/\/pdt-rj.org.br\/index.php\/wp-json\/wp\/v2\/posts"}],"about":[{"href":"https:\/\/pdt-rj.org.br\/index.php\/wp-json\/wp\/v2\/types\/post"}],"author":[{"embeddable":true,"href":"https:\/\/pdt-rj.org.br\/index.php\/wp-json\/wp\/v2\/users\/17"}],"replies":[{"embeddable":true,"href":"https:\/\/pdt-rj.org.br\/index.php\/wp-json\/wp\/v2\/comments?post=60774"}],"version-history":[{"count":7,"href":"https:\/\/pdt-rj.org.br\/index.php\/wp-json\/wp\/v2\/posts\/60774\/revisions"}],"predecessor-version":[{"id":60809,"href":"https:\/\/pdt-rj.org.br\/index.php\/wp-json\/wp\/v2\/posts\/60774\/revisions\/60809"}],"wp:featuredmedia":[{"embeddable":true,"href":"https:\/\/pdt-rj.org.br\/index.php\/wp-json\/wp\/v2\/media\/60775"}],"wp:attachment":[{"href":"https:\/\/pdt-rj.org.br\/index.php\/wp-json\/wp\/v2\/media?parent=60774"}],"wp:term":[{"taxonomy":"category","embeddable":true,"href":"https:\/\/pdt-rj.org.br\/index.php\/wp-json\/wp\/v2\/categories?post=60774"},{"taxonomy":"post_tag","embeddable":true,"href":"https:\/\/pdt-rj.org.br\/index.php\/wp-json\/wp\/v2\/tags?post=60774"}],"curies":[{"name":"wp","href":"https:\/\/api.w.org\/{rel}","templated":true}]}}