{"id":60770,"date":"2018-08-25T18:37:43","date_gmt":"2018-08-25T21:37:43","guid":{"rendered":"http:\/\/pdt-rj.org.br\/?p=60770"},"modified":"2018-08-27T17:49:34","modified_gmt":"2018-08-27T20:49:34","slug":"uma-energia-como-essa-recarrega-a-pilha-diz-ciro-a-militancia-em-sp","status":"publish","type":"post","link":"https:\/\/pdt-rj.org.br\/index.php\/uma-energia-como-essa-recarrega-a-pilha-diz-ciro-a-militancia-em-sp\/","title":{"rendered":"\u201cUma energia como essa recarrega a pilha&#8221;, diz Ciro \u00e0 milit\u00e2ncia em SP"},"content":{"rendered":"<p><strong><a href=\"https:\/\/www.cirogomes.com.br\/\">Ciro Gomes<\/a><\/strong> empolgou a milit\u00e2ncia pedetista neste s\u00e1bado (25), em S\u00e3o Paulo, ao participar de evento promovido por apoiadores de sua candidatura nas redes sociais. O encontro aconteceu na casa de show \u201cVia Matarazzo\u201d, na Barra Funda, e contou com um p\u00fablico formado, em sua maioria, por jovens. O presidente nacional do PDT, Carlos Lupi, o economista Nelson Marconi e o professor Mangabeira Unger prestigiaram o evento.<\/p>\n<p>&#8220;Voc\u00eas n\u00e3o t\u00eam a menor ideia de como uma energia como essa recarrega a pilha para a gente seguir a luta. N\u00e3o pensem que vai ser f\u00e1cil, a luta vai ser com emo\u00e7\u00e3o at\u00e9 a \u00faltima hora&#8221;, disse.<\/p>\n<p>Nas quase duas horas reservadas \u00e0 sua apresenta\u00e7\u00e3o, Ciro conversou sobre pontos de sua campanha bem como respondeu \u00e0 perguntas. Falou sobre a Embraer, a PEC do teto de gastos, da sa\u00fade e do projeto nacional de desenvolvimento.<\/p>\n<p>O presidenci\u00e1vel falou sobre os 38 segundos que o partido ter\u00e1 de propaganda eleitoral na TV. Embora reduzido, disse que os candidatos acabam tendo mais tempo na TV \u2013 e em hor\u00e1rio nobre \u2013 por meio das reportagens.<\/p>\n<p>&#8220;Todas as redes comerciais de TV est\u00e3o acompanhando o dia a dia dos candidatos e estamos tendo praticamente um minuto na TV e em hor\u00e1rio nobre. Isso \u00e9 muito mais que o hor\u00e1rio eleitoral e com a credibilidade de quem n\u00e3o est\u00e1 no est\u00fadio falando com texto decorado e com uma vinheta bonita&#8221;, ressaltou.<\/p>\n<p>Ainda sobre a campanha, disse que uma nova etapa come\u00e7a com os debates e que o objetivo n\u00e3o \u00e9 \u201carrasar\u201d com o advers\u00e1rio. \u201c\u00c9 preciso respeit\u00e1-los\u201d, ponderou.<\/p>\n<p>Ciro tamb\u00e9m reconheceu o trabalho feito nas redes sociais, mas pediu aos militantes que tenham prud\u00eancia. &#8220;A t\u00e1tica agora \u00e9 falar aos indecisos e voc\u00eas est\u00e3o me ajudando muito&#8221;, disse ao pessoal que utiliza as ferramentas de publica\u00e7\u00e3o na internet.<\/p>\n<p>Na Via Matarazzo, Ciro afirmou que a atual conjuntura pol\u00edtica \u00e9 at\u00edpica, mas que n\u00e3o deve tirar do povo a necessidade de respeitar o voto. Disse que o Parlamento \u00e9 o \u201csantu\u00e1rio\u201d da representa\u00e7\u00e3o popular e que \u00e9 preciso ter pondera\u00e7\u00e3o para n\u00e3o deixar o povo aceitar a ideia da generaliza\u00e7\u00e3o de que todo mundo \u00e9 bandido. \u201cEssa \u00e9 a ideia produzida pelas elites\u201d, advertiu.<\/p>\n<p>Por fim, o pedetista agradeceu o momento vivenciado, o qual, segundo ele, teve de tudo.<\/p>\n<p>\u201cExperimentei bom humor, emo\u00e7\u00e3o e quase choro. Eu termino esse encontro com chave de ouro. Voc\u00eas s\u00e3o minha turma. Vamos \u00e0 luta, com do\u00e7ura, com cuidado e precau\u00e7\u00e3o. Mas o Brasil espera que cada um cumpra o seu dever. Vamos a luta! E a vit\u00f3ria!&#8221;, exclamou.<\/p>\n<!-- AddThis Advanced Settings generic via filter on the_content --><!-- AddThis Share Buttons generic via filter on the_content -->","protected":false},"excerpt":{"rendered":"<p>Ciro Gomes empolgou a milit\u00e2ncia pedetista neste s\u00e1bado (25), em S\u00e3o Paulo, ao participar de evento promovido por apoiadores de sua candidatura nas redes sociais. O encontro aconteceu na casa de show \u201cVia Matarazzo\u201d, na Barra Funda, e contou com um p\u00fablico formado, em sua maioria, por jovens. O presidente nacional do PDT, Carlos Lupi,&#8230;<!-- AddThis Advanced Settings generic via filter on wp_trim_excerpt --><!-- AddThis Share Buttons generic via filter on wp_trim_excerpt --><\/p>\n","protected":false},"author":17,"featured_media":60771,"comment_status":"closed","ping_status":"closed","sticky":false,"template":"","format":"standard","meta":{"_monsterinsights_skip_tracking":false,"_monsterinsights_sitenote_active":false,"_monsterinsights_sitenote_note":"","_monsterinsights_sitenote_category":0,"_uf_show_specific_survey":0,"_uf_disable_surveys":false,"footnotes":""},"categories":[3029,976],"tags":[220,348,38],"class_list":["post-60770","post","type-post","status-publish","format-standard","has-post-thumbnail","hentry","category-eleicoes-2018","category-noticias-em-destaque","tag-ciro-gomes","tag-eleicoes-2018","tag-pdt"],"acf":[],"_links":{"self":[{"href":"https:\/\/pdt-rj.org.br\/index.php\/wp-json\/wp\/v2\/posts\/60770","targetHints":{"allow":["GET"]}}],"collection":[{"href":"https:\/\/pdt-rj.org.br\/index.php\/wp-json\/wp\/v2\/posts"}],"about":[{"href":"https:\/\/pdt-rj.org.br\/index.php\/wp-json\/wp\/v2\/types\/post"}],"author":[{"embeddable":true,"href":"https:\/\/pdt-rj.org.br\/index.php\/wp-json\/wp\/v2\/users\/17"}],"replies":[{"embeddable":true,"href":"https:\/\/pdt-rj.org.br\/index.php\/wp-json\/wp\/v2\/comments?post=60770"}],"version-history":[{"count":5,"href":"https:\/\/pdt-rj.org.br\/index.php\/wp-json\/wp\/v2\/posts\/60770\/revisions"}],"predecessor-version":[{"id":60786,"href":"https:\/\/pdt-rj.org.br\/index.php\/wp-json\/wp\/v2\/posts\/60770\/revisions\/60786"}],"wp:featuredmedia":[{"embeddable":true,"href":"https:\/\/pdt-rj.org.br\/index.php\/wp-json\/wp\/v2\/media\/60771"}],"wp:attachment":[{"href":"https:\/\/pdt-rj.org.br\/index.php\/wp-json\/wp\/v2\/media?parent=60770"}],"wp:term":[{"taxonomy":"category","embeddable":true,"href":"https:\/\/pdt-rj.org.br\/index.php\/wp-json\/wp\/v2\/categories?post=60770"},{"taxonomy":"post_tag","embeddable":true,"href":"https:\/\/pdt-rj.org.br\/index.php\/wp-json\/wp\/v2\/tags?post=60770"}],"curies":[{"name":"wp","href":"https:\/\/api.w.org\/{rel}","templated":true}]}}