{"id":60693,"date":"2018-08-22T15:51:59","date_gmt":"2018-08-22T18:51:59","guid":{"rendered":"http:\/\/pdt-rj.org.br\/?p=60693"},"modified":"2018-08-24T17:59:31","modified_gmt":"2018-08-24T20:59:31","slug":"ciro-gomes-defende-tecnologia-no-combate-ao-crime-organizado-no-pais","status":"publish","type":"post","link":"https:\/\/pdt-rj.org.br\/index.php\/ciro-gomes-defende-tecnologia-no-combate-ao-crime-organizado-no-pais\/","title":{"rendered":"Ciro defende uso da tecnologia no combate ao crime organizado no Pa\u00eds"},"content":{"rendered":"<p>A forma moderna de combater o narcotr\u00e1fico e o crime organizado passa pela intelig\u00eancia e tecnologia. A afirma\u00e7\u00e3o foi feita ontem pelo candidato do PDT \u00e0 Presid\u00eancia da Rep\u00fablica, <strong><a href=\"https:\/\/www.cirogomes.com.br\/\">Ciro Gomes<\/a><\/strong>, durante entrevista ao programa Voto na Record, em S\u00e3o Paulo.<\/p>\n<p>\u201cMapear o crime organizado e fazer todo o procedimento da investiga\u00e7\u00e3o \u00e0 pris\u00e3o. O Brasil tem hoje metade das vagas dos pres\u00eddios federais vazias e essas vagas est\u00e3o ociosas\u201d, disse.<\/p>\n<p>Para o pedetista, \u00e9 necess\u00e1rio que o Pa\u00eds assuma uma f\u00f3rmula de atacar a seguran\u00e7a que n\u00e3o seja com o Ex\u00e9rcito nas ruas.<\/p>\n<p>\u201cHoje, os pol\u00edticos sabem que o medo est\u00e1 no cora\u00e7\u00e3o do povo brasileiro e n\u00e3o \u00e9 sem raz\u00e3o: 63.800 homic\u00eddios aconteceram nos \u00faltimos doze meses, quase todos jovens, pobres e negros das periferias do Brasil. Diante desse medo, a demagogia pol\u00edtica pensa que vai iludir a popula\u00e7\u00e3o com aparato. E ai joga o Ex\u00e9rcito, com jovens recrutas, que n\u00e3o s\u00e3o treinados para confrontar a comunidade onde esta um narcotraficante, um membro de fac\u00e7\u00e3o\u201d, defendeu.<\/p>\n<p>Durante quinze minutos, Ciro foi sabatinado e teve a oportunidade de esclarecer pontos de seu programa de governo, dentre eles, relacionados \u00e0 economia. Mencionou que est\u00e1 estudando \u2013 mas ainda n\u00e3o est\u00e1 decidido \u2013 um tributo sobre grandes transa\u00e7\u00f5es financeiras (transitoriamente) para superar o \u201cgrav\u00edssimo\u201d colapso das contas p\u00fablicas brasileiras.<\/p>\n<p>Afirmou que o consumo das fam\u00edlias \u00e9 um dos motores mais importantes para reativar a economia e que pretender ofertar cr\u00e9dito para as pessoas que est\u00e3o com o nome negativado no Serasa.<\/p>\n<p>\u201cE vou permitir que o brasileiro se livre dessa humilha\u00e7\u00e3o. S\u00e3o 63 milh\u00f5es de pessoas com o nome sujo no SPC\u201d, disse.<\/p>\n<p>Com foco no empresariado, disse que o Pa\u00eds fechou treze mil ind\u00fastrias devido \u00e0 pol\u00edtica econ\u00f4mica nos \u00faltimos anos, al\u00e9m de 220 mil lojas e pontos de comercio.<\/p>\n<p>\u201cO endividamento do comercio passa dos dois trilh\u00f5es. Ou seja, o Brasil precisa mudar para atender as maiorias populares, os trabalhadores, os pobres. Mas o Brasil tamb\u00e9m precisa mudar para restaurar a condi\u00e7\u00e3o de produzir e empreender. O resto \u00e9 especula\u00e7\u00e3o\u201d, afirmou.<\/p>\n<!-- AddThis Advanced Settings generic via filter on the_content --><!-- AddThis Share Buttons generic via filter on the_content -->","protected":false},"excerpt":{"rendered":"<p>A forma moderna de combater o narcotr\u00e1fico e o crime organizado passa pela intelig\u00eancia e tecnologia. A afirma\u00e7\u00e3o foi feita ontem pelo candidato do PDT \u00e0 Presid\u00eancia da Rep\u00fablica, Ciro Gomes, durante entrevista ao programa Voto na Record, em S\u00e3o Paulo. \u201cMapear o crime organizado e fazer todo o procedimento da investiga\u00e7\u00e3o \u00e0 pris\u00e3o. O&#8230;<!-- AddThis Advanced Settings generic via filter on wp_trim_excerpt --><!-- AddThis Share Buttons generic via filter on wp_trim_excerpt --><\/p>\n","protected":false},"author":17,"featured_media":60698,"comment_status":"closed","ping_status":"closed","sticky":false,"template":"","format":"standard","meta":{"_monsterinsights_skip_tracking":false,"_monsterinsights_sitenote_active":false,"_monsterinsights_sitenote_note":"","_monsterinsights_sitenote_category":0,"_uf_show_specific_survey":0,"_uf_disable_surveys":false,"footnotes":""},"categories":[1390,3029],"tags":[220,2876,2877],"class_list":["post-60693","post","type-post","status-publish","format-standard","has-post-thumbnail","hentry","category-editorias","category-eleicoes-2018","tag-ciro-gomes","tag-serasa","tag-spc"],"acf":[],"_links":{"self":[{"href":"https:\/\/pdt-rj.org.br\/index.php\/wp-json\/wp\/v2\/posts\/60693","targetHints":{"allow":["GET"]}}],"collection":[{"href":"https:\/\/pdt-rj.org.br\/index.php\/wp-json\/wp\/v2\/posts"}],"about":[{"href":"https:\/\/pdt-rj.org.br\/index.php\/wp-json\/wp\/v2\/types\/post"}],"author":[{"embeddable":true,"href":"https:\/\/pdt-rj.org.br\/index.php\/wp-json\/wp\/v2\/users\/17"}],"replies":[{"embeddable":true,"href":"https:\/\/pdt-rj.org.br\/index.php\/wp-json\/wp\/v2\/comments?post=60693"}],"version-history":[{"count":7,"href":"https:\/\/pdt-rj.org.br\/index.php\/wp-json\/wp\/v2\/posts\/60693\/revisions"}],"predecessor-version":[{"id":60764,"href":"https:\/\/pdt-rj.org.br\/index.php\/wp-json\/wp\/v2\/posts\/60693\/revisions\/60764"}],"wp:featuredmedia":[{"embeddable":true,"href":"https:\/\/pdt-rj.org.br\/index.php\/wp-json\/wp\/v2\/media\/60698"}],"wp:attachment":[{"href":"https:\/\/pdt-rj.org.br\/index.php\/wp-json\/wp\/v2\/media?parent=60693"}],"wp:term":[{"taxonomy":"category","embeddable":true,"href":"https:\/\/pdt-rj.org.br\/index.php\/wp-json\/wp\/v2\/categories?post=60693"},{"taxonomy":"post_tag","embeddable":true,"href":"https:\/\/pdt-rj.org.br\/index.php\/wp-json\/wp\/v2\/tags?post=60693"}],"curies":[{"name":"wp","href":"https:\/\/api.w.org\/{rel}","templated":true}]}}