{"id":60687,"date":"2018-08-01T10:23:24","date_gmt":"2018-08-01T13:23:24","guid":{"rendered":"http:\/\/pdt-rj.org.br\/?p=60687"},"modified":"2018-08-22T12:42:02","modified_gmt":"2018-08-22T15:42:02","slug":"marcelo-candido","status":"publish","type":"post","link":"https:\/\/pdt-rj.org.br\/index.php\/marcelo-candido\/","title":{"rendered":"Marcelo Candido"},"content":{"rendered":"<p>Marcelo de Souza C\u00e2ndido nasceu em 25 de outubro de 1969, em Mar\u00edlia, S\u00e3o Paulo.\u00a0 \u00c9 casado com Brenda M\u00e1ira Tiago Queiroz C\u00e2ndido e pai de Maria Clara Queiroz Candido.\u00a0 Seu pai, Jos\u00e9 de Souza Candido, foi vereador de Suzano por tr\u00eas mandatos e deputado estadual em S\u00e3o Paulo por 2 mandatos.<\/p>\n<p>Ge\u00f3grafo, formado pela\u00a0Universidade Estadual de S\u00e3o Paulo (UNESP) de Rio Claro, vive em Suzano desde 1973, tendo sido prefeito do munic\u00edpio\u00a0por dois mandatos (2005 a 2008 \/ 2009 a 2012) e deputado estadual de 2002 a 2004. \u00c9 filiado ao PDT desde 2016.<\/p>\n<p>Foi Presidente do Subcomit\u00ea da Bacia Hidrogr\u00e1fica do Alto Tiet\u00ea, presidente da Associa\u00e7\u00e3o de Munic\u00edpios do Alto Tiet\u00ea (atual CONDEMAT), membro permanente da Associa\u00e7\u00e3o Brasileira de Munic\u00edpios (ABM) e\u00a0dirigente da Frente Nacional de Prefeitos (FNP).<\/p>\n<!-- AddThis Advanced Settings generic via filter on the_content --><!-- AddThis Share Buttons generic via filter on the_content -->","protected":false},"excerpt":{"rendered":"<p>Marcelo de Souza C\u00e2ndido nasceu em 25 de outubro de 1969, em Mar\u00edlia, S\u00e3o Paulo.\u00a0 \u00c9 casado com Brenda M\u00e1ira Tiago Queiroz C\u00e2ndido e pai de Maria Clara Queiroz Candido.\u00a0 Seu pai, Jos\u00e9 de Souza Candido, foi vereador de Suzano por tr\u00eas mandatos e deputado estadual em S\u00e3o Paulo por 2 mandatos. Ge\u00f3grafo, formado pela\u00a0Universidade&#8230;<!-- AddThis Advanced Settings generic via filter on wp_trim_excerpt --><!-- AddThis Share Buttons generic via filter on wp_trim_excerpt --><\/p>\n","protected":false},"author":17,"featured_media":60691,"comment_status":"closed","ping_status":"closed","sticky":false,"template":"","format":"standard","meta":{"_monsterinsights_skip_tracking":false,"_monsterinsights_sitenote_active":false,"_monsterinsights_sitenote_note":"","_monsterinsights_sitenote_category":0,"_uf_show_specific_survey":0,"_uf_disable_surveys":false,"footnotes":""},"categories":[3029,3073],"tags":[],"class_list":["post-60687","post","type-post","status-publish","format-standard","has-post-thumbnail","hentry","category-eleicoes-2018","category-perfil-dos-candidatos"],"acf":[],"_links":{"self":[{"href":"https:\/\/pdt-rj.org.br\/index.php\/wp-json\/wp\/v2\/posts\/60687","targetHints":{"allow":["GET"]}}],"collection":[{"href":"https:\/\/pdt-rj.org.br\/index.php\/wp-json\/wp\/v2\/posts"}],"about":[{"href":"https:\/\/pdt-rj.org.br\/index.php\/wp-json\/wp\/v2\/types\/post"}],"author":[{"embeddable":true,"href":"https:\/\/pdt-rj.org.br\/index.php\/wp-json\/wp\/v2\/users\/17"}],"replies":[{"embeddable":true,"href":"https:\/\/pdt-rj.org.br\/index.php\/wp-json\/wp\/v2\/comments?post=60687"}],"version-history":[{"count":3,"href":"https:\/\/pdt-rj.org.br\/index.php\/wp-json\/wp\/v2\/posts\/60687\/revisions"}],"predecessor-version":[{"id":60692,"href":"https:\/\/pdt-rj.org.br\/index.php\/wp-json\/wp\/v2\/posts\/60687\/revisions\/60692"}],"wp:featuredmedia":[{"embeddable":true,"href":"https:\/\/pdt-rj.org.br\/index.php\/wp-json\/wp\/v2\/media\/60691"}],"wp:attachment":[{"href":"https:\/\/pdt-rj.org.br\/index.php\/wp-json\/wp\/v2\/media?parent=60687"}],"wp:term":[{"taxonomy":"category","embeddable":true,"href":"https:\/\/pdt-rj.org.br\/index.php\/wp-json\/wp\/v2\/categories?post=60687"},{"taxonomy":"post_tag","embeddable":true,"href":"https:\/\/pdt-rj.org.br\/index.php\/wp-json\/wp\/v2\/tags?post=60687"}],"curies":[{"name":"wp","href":"https:\/\/api.w.org\/{rel}","templated":true}]}}