{"id":60644,"date":"2018-08-01T14:31:22","date_gmt":"2018-08-01T17:31:22","guid":{"rendered":"http:\/\/pdt-rj.org.br\/?p=60644"},"modified":"2018-08-17T14:42:37","modified_gmt":"2018-08-17T17:42:37","slug":"nelton-friedrich","status":"publish","type":"post","link":"https:\/\/pdt-rj.org.br\/index.php\/nelton-friedrich\/","title":{"rendered":"Nelton Friedrich"},"content":{"rendered":"<p>Nelton Friedrich nasceu em Sobradinho (RS), mas migrou com a fam\u00edlia para o Paran\u00e1 nos anos 1960. Friedrich tem 70 anos e \u00e9 formado em Direito pela PUCPR. Em 1978, foi eleito deputado estadual e l\u00edder do MDB na Assembleia Legislativa do Paran\u00e1. Em 1982, foi eleito deputado federal.<\/p>\n<p>Na gest\u00e3o de Jos\u00e9 Richa (1983-1986), ocupou a secretaria respons\u00e1vel pelas \u00e1reas de energia, habita\u00e7\u00e3o, \u00e1gua, saneamento e meio ambiente. Em 1986, foi reeleito para a C\u00e2mara dos Deputados e participou ativamente da elabora\u00e7\u00e3o da nova Constitui\u00e7\u00e3o do Brasil. Apresentou 513 emendas e teve 131 totalmente acatadas.<\/p>\n<p>Presidiu a Funda\u00e7\u00e3o Alberto Pasqualini, com sede no Rio de Janeiro, entidade voltada para estudos, programas e projetos do trabalhismo. Entre 2003 e 2017, Friedrich foi diretor de Coordena\u00e7\u00e3o e Meio Ambiente da Itaipu Binacional. Participou da cria\u00e7\u00e3o do Parque Tecnol\u00f3gico da Itaipu Binacional e da Universidade Federal de Integra\u00e7\u00e3o da Am\u00e9rica Latina (Unila).<\/p>\n<p>Foi coordenador geral do Programa Cultivando \u00c1gua Boa, implantado em 29 munic\u00edpios da Bacia Hidrogr\u00e1fica do Rio Paran\u00e1. O programa recebeu 25 pr\u00eamios nacionais e internacionais, com destaque para o pr\u00eamio da Carta da Terra, na Holanda, e da OEA, na Rep\u00fablica Dominicana.<\/p>\n<!-- AddThis Advanced Settings generic via filter on the_content --><!-- AddThis Share Buttons generic via filter on the_content -->","protected":false},"excerpt":{"rendered":"<p>Nelton Friedrich nasceu em Sobradinho (RS), mas migrou com a fam\u00edlia para o Paran\u00e1 nos anos 1960. Friedrich tem 70 anos e \u00e9 formado em Direito pela PUCPR. Em 1978, foi eleito deputado estadual e l\u00edder do MDB na Assembleia Legislativa do Paran\u00e1. Em 1982, foi eleito deputado federal. Na gest\u00e3o de Jos\u00e9 Richa (1983-1986),&#8230;<!-- AddThis Advanced Settings generic via filter on wp_trim_excerpt --><!-- AddThis Share Buttons generic via filter on wp_trim_excerpt --><\/p>\n","protected":false},"author":17,"featured_media":60645,"comment_status":"closed","ping_status":"closed","sticky":false,"template":"","format":"standard","meta":{"_monsterinsights_skip_tracking":false,"_monsterinsights_sitenote_active":false,"_monsterinsights_sitenote_note":"","_monsterinsights_sitenote_category":0,"_uf_show_specific_survey":0,"_uf_disable_surveys":false,"footnotes":""},"categories":[3029,3073],"tags":[3060],"class_list":["post-60644","post","type-post","status-publish","format-standard","has-post-thumbnail","hentry","category-eleicoes-2018","category-perfil-dos-candidatos","tag-nelton-friedrich"],"acf":[],"_links":{"self":[{"href":"https:\/\/pdt-rj.org.br\/index.php\/wp-json\/wp\/v2\/posts\/60644","targetHints":{"allow":["GET"]}}],"collection":[{"href":"https:\/\/pdt-rj.org.br\/index.php\/wp-json\/wp\/v2\/posts"}],"about":[{"href":"https:\/\/pdt-rj.org.br\/index.php\/wp-json\/wp\/v2\/types\/post"}],"author":[{"embeddable":true,"href":"https:\/\/pdt-rj.org.br\/index.php\/wp-json\/wp\/v2\/users\/17"}],"replies":[{"embeddable":true,"href":"https:\/\/pdt-rj.org.br\/index.php\/wp-json\/wp\/v2\/comments?post=60644"}],"version-history":[{"count":1,"href":"https:\/\/pdt-rj.org.br\/index.php\/wp-json\/wp\/v2\/posts\/60644\/revisions"}],"predecessor-version":[{"id":60646,"href":"https:\/\/pdt-rj.org.br\/index.php\/wp-json\/wp\/v2\/posts\/60644\/revisions\/60646"}],"wp:featuredmedia":[{"embeddable":true,"href":"https:\/\/pdt-rj.org.br\/index.php\/wp-json\/wp\/v2\/media\/60645"}],"wp:attachment":[{"href":"https:\/\/pdt-rj.org.br\/index.php\/wp-json\/wp\/v2\/media?parent=60644"}],"wp:term":[{"taxonomy":"category","embeddable":true,"href":"https:\/\/pdt-rj.org.br\/index.php\/wp-json\/wp\/v2\/categories?post=60644"},{"taxonomy":"post_tag","embeddable":true,"href":"https:\/\/pdt-rj.org.br\/index.php\/wp-json\/wp\/v2\/tags?post=60644"}],"curies":[{"name":"wp","href":"https:\/\/api.w.org\/{rel}","templated":true}]}}