{"id":60494,"date":"2018-08-07T11:18:11","date_gmt":"2018-08-07T14:18:11","guid":{"rendered":"http:\/\/pdt-rj.org.br\/?p=60494"},"modified":"2018-08-07T11:20:27","modified_gmt":"2018-08-07T14:20:27","slug":"mulheres-seguem-empoderadas-na-juventude-socialista-carioca","status":"publish","type":"post","link":"https:\/\/pdt-rj.org.br\/index.php\/mulheres-seguem-empoderadas-na-juventude-socialista-carioca\/","title":{"rendered":"Mulheres seguem empoderadas na Juventude Socialista carioca"},"content":{"rendered":"<p>Sarah Souza \u2013 mulher, estudante e negra \u2013 assumiu o comando da Juventude Socialista do PDT, do Munic\u00edpio do Rio de Janeiro, em sucess\u00e3o \u00e0 Nat\u00e1lia Moraes, que renunciou por motivos pessoais. O ato ocorreu na noite do \u00faltimo dia 31, na sede estadual do partido, durante a plen\u00e1ria conjunta das dire\u00e7\u00f5es Estadual e Municipal da JS.<\/p>\n<p>Sarah ter\u00e1 a miss\u00e3o de comandar a JS no momento eleitoral mais importante do Partido nos \u00faltimos anos, em que teremos o companheiro Ciro Gomes como nosso candidato \u00e0 Presid\u00eancia da Rep\u00fablica. A prova mais cabal de que Sarah Souza traz muita energia e ousadia para cumprir esta tarefa est\u00e1 em sua frase final do discurso de posse.<\/p>\n<p>&#8220;Vai ter mulher preta no poder sim!&#8221;<\/p>\n<p>Nat\u00e1lia Barbosa, secret\u00e1ria-geral da Juventude Socialista no estado do Rio de Janeiro, destacou e explicou o empoderamento das mulheres, nesta \u00faltima d\u00e9cada, na JS estadual.<\/p>\n<p>&#8220;Nosso Estado foi o que mais avan\u00e7ou no empoderamento das jovens mulheres nos \u00faltimos dez anos; tanto no debate, quanto na ocupa\u00e7\u00e3o dos espa\u00e7os de comando. Eu sou produto disto: fui dirigente estudantil pela JS, ocupei espa\u00e7o na dire\u00e7\u00e3o estadual, sou do diret\u00f3rio nacional da JS e hoje comando a secretaria-geral do Estado. Ter Sarah na presid\u00eancia \u00e9 a coroa\u00e7\u00e3o de toda hist\u00f3ria de luta por igualdade&#8221;.<\/p>\n<p>Presente \u00e0 reuni\u00e3o, William Rodrigues, presidente nacional da Juventude Socialista, destacou, com \u00eanfase, este momento pleno de crescimento integrado.<\/p>\n<p>&#8220;Elegemos no Rio, de forma in\u00e9dita, mulheres para a presid\u00eancia e a vice. Isto confirma nosso compromisso com a pauta e pioneirismo. Como carioca, me encho de orgulho em ver uma mulher t\u00e3o jovem assumindo o comando da nossa organiza\u00e7\u00e3o&#8221;.<\/p>\n<!-- AddThis Advanced Settings generic via filter on the_content --><!-- AddThis Share Buttons generic via filter on the_content -->","protected":false},"excerpt":{"rendered":"<p>Sarah Souza \u2013 mulher, estudante e negra \u2013 assumiu o comando da Juventude Socialista do PDT, do Munic\u00edpio do Rio de Janeiro, em sucess\u00e3o \u00e0 Nat\u00e1lia Moraes, que renunciou por motivos pessoais. O ato ocorreu na noite do \u00faltimo dia 31, na sede estadual do partido, durante a plen\u00e1ria conjunta das dire\u00e7\u00f5es Estadual e Municipal&#8230;<!-- AddThis Advanced Settings generic via filter on wp_trim_excerpt --><!-- AddThis Share Buttons generic via filter on wp_trim_excerpt --><\/p>\n","protected":false},"author":17,"featured_media":60496,"comment_status":"closed","ping_status":"closed","sticky":false,"template":"","format":"standard","meta":{"_monsterinsights_skip_tracking":false,"_monsterinsights_sitenote_active":false,"_monsterinsights_sitenote_note":"","_monsterinsights_sitenote_category":0,"_uf_show_specific_survey":0,"_uf_disable_surveys":false,"footnotes":""},"categories":[1390,1586,1397],"tags":[1096,539,3059,38],"class_list":["post-60494","post","type-post","status-publish","format-standard","has-post-thumbnail","hentry","category-editorias","category-juventude-socialista","category-movimentos","tag-empoderamento","tag-juventude-socialista","tag-mulher-no-poder","tag-pdt"],"acf":[],"_links":{"self":[{"href":"https:\/\/pdt-rj.org.br\/index.php\/wp-json\/wp\/v2\/posts\/60494","targetHints":{"allow":["GET"]}}],"collection":[{"href":"https:\/\/pdt-rj.org.br\/index.php\/wp-json\/wp\/v2\/posts"}],"about":[{"href":"https:\/\/pdt-rj.org.br\/index.php\/wp-json\/wp\/v2\/types\/post"}],"author":[{"embeddable":true,"href":"https:\/\/pdt-rj.org.br\/index.php\/wp-json\/wp\/v2\/users\/17"}],"replies":[{"embeddable":true,"href":"https:\/\/pdt-rj.org.br\/index.php\/wp-json\/wp\/v2\/comments?post=60494"}],"version-history":[{"count":3,"href":"https:\/\/pdt-rj.org.br\/index.php\/wp-json\/wp\/v2\/posts\/60494\/revisions"}],"predecessor-version":[{"id":60498,"href":"https:\/\/pdt-rj.org.br\/index.php\/wp-json\/wp\/v2\/posts\/60494\/revisions\/60498"}],"wp:featuredmedia":[{"embeddable":true,"href":"https:\/\/pdt-rj.org.br\/index.php\/wp-json\/wp\/v2\/media\/60496"}],"wp:attachment":[{"href":"https:\/\/pdt-rj.org.br\/index.php\/wp-json\/wp\/v2\/media?parent=60494"}],"wp:term":[{"taxonomy":"category","embeddable":true,"href":"https:\/\/pdt-rj.org.br\/index.php\/wp-json\/wp\/v2\/categories?post=60494"},{"taxonomy":"post_tag","embeddable":true,"href":"https:\/\/pdt-rj.org.br\/index.php\/wp-json\/wp\/v2\/tags?post=60494"}],"curies":[{"name":"wp","href":"https:\/\/api.w.org\/{rel}","templated":true}]}}