{"id":60481,"date":"2018-08-06T13:33:36","date_gmt":"2018-08-06T16:33:36","guid":{"rendered":"http:\/\/pdt-rj.org.br\/?p=60481"},"modified":"2018-08-17T17:03:29","modified_gmt":"2018-08-17T20:03:29","slug":"katia-abreu-e-oficialmente-a-vice-de-ciro-gomes-na-corrida-presidencial","status":"publish","type":"post","link":"https:\/\/pdt-rj.org.br\/index.php\/katia-abreu-e-oficialmente-a-vice-de-ciro-gomes-na-corrida-presidencial\/","title":{"rendered":"K\u00e1tia Abreu \u00e9 oficialmente a vice de Ciro Gomes na corrida presidencial"},"content":{"rendered":"<p>A senadora K\u00e1tia Abreu (PDT-TO) \u00e9, oficialmente, a candidata a vice-presidente de Ciro Gomes na elei\u00e7\u00e3o de 2018. O an\u00fancio foi feito nesta segunda-feira (6), na sede nacional do partido, em Bras\u00edlia. Na ocasi\u00e3o, a Dire\u00e7\u00e3o Nacional\u00a0 tamb\u00e9m formalizou o apoio da legenda \u00e0 reelei\u00e7\u00e3o de Rodrigo Rollemberg (PSB) ao governo do Distrito Federal.<\/p>\n<p>A escolha do nome de K\u00e1tia Abreu para compor a chapa presidencial foi avaliada durante encontro realizado neste domingo (5) com a executiva do partido. O presidente do PDT, Carlos Lupi, j\u00e1 havia conversado com a senadora sobre a possibilidade dias antes. Segundo ele, a complementa\u00e7\u00e3o da chapa com a senadora leva em conta sua compet\u00eancia e o setor produtivo.<\/p>\n<p>&#8220;Ela teve um papel coerente e honrado no processo de impeachment da presidente Dilma [Rousseff]. Tivemos uma conversa e ela, de pronto, como \u00e9 de sua caracter\u00edstica, aceitou o desafio&#8221;, disse Lupi. &#8220;Hoje estamos formalmente apresentando, com muito orgulho, a senadora K\u00e1tia Abreu como candidata a vice-presid\u00eancia com nosso companheiro Ciro Gomes&#8221;, enfatizou Lupi.<\/p>\n<p>Em seu discurso, a senadora disse estar orgulhosa e muito obstinada para enfrentar mais um desafio em sua vida, talvez um dos maiores.<\/p>\n<p>&#8220;Quero agradecer Ciro Gomes por entender que eu tamb\u00e9m posso fazer parte desta luta, desta caminhada, sendo uma mulher, vinda do estado mais novo, que \u00e9 o Tocantins&#8221;, disse. &#8220;Antes de me filiar ao PDT, escolhi Ciro Gomes para ser meu candidato a presidente, n\u00e3o por uma quest\u00e3o formal, partid\u00e1ria, porque sou pol\u00edtica e tenho que apoiar algu\u00e9m. Apoiei e escolhi Ciro Gomes pra ser meu candidato por convic\u00e7\u00e3o&#8221;, disse.<\/p>\n<p>Ciro Gomes, por sua vez, citou dados macroecon\u00f4micos e lembrou a dura trajet\u00f3ria dos brasileiros em rela\u00e7\u00e3o ao desemprego e mencionou a viol\u00eancia \u2013 inclusive em rela\u00e7\u00e3o \u00e0s mulheres, e \u00e0s institui\u00e7\u00f5es do Estado brasileiro.<\/p>\n<p>&#8220;Quando K\u00e1tia Abreu aceita me honrar, com a sua trajet\u00f3ria, \u00e9 um reencontro natural. A K\u00e1tia Abreu me apoiou para presidente da Rep\u00fablica em 2002 e na \u00e9poca j\u00e1 liderava o mundo da agricultura, com um olhar na agricultura familiar e outro na agricultura de neg\u00f3cios, que paga a conta da depend\u00eancia externa do Brasil em manufaturados. E, imediatamente nela, a voca\u00e7\u00e3o pol\u00edtica surge para nos dar um exemplo de for\u00e7a, de compromisso popular com a democracia&#8221;, destacou.<\/p>\n<p>&#8220;Nosso caminho para virar esse jogo n\u00e3o ser\u00e1 f\u00e1cil, ele ser\u00e1 coberto de \u00eaxito, n\u00e3o tenho d\u00favida&#8221;, ressaltou o presidenci\u00e1vel.<\/p>\n<!-- AddThis Advanced Settings generic via filter on the_content --><!-- AddThis Share Buttons generic via filter on the_content -->","protected":false},"excerpt":{"rendered":"<p>A senadora K\u00e1tia Abreu (PDT-TO) \u00e9, oficialmente, a candidata a vice-presidente de Ciro Gomes na elei\u00e7\u00e3o de 2018. O an\u00fancio foi feito nesta segunda-feira (6), na sede nacional do partido, em Bras\u00edlia. Na ocasi\u00e3o, a Dire\u00e7\u00e3o Nacional\u00a0 tamb\u00e9m formalizou o apoio da legenda \u00e0 reelei\u00e7\u00e3o de Rodrigo Rollemberg (PSB) ao governo do Distrito Federal. A&#8230;<!-- AddThis Advanced Settings generic via filter on wp_trim_excerpt --><!-- AddThis Share Buttons generic via filter on wp_trim_excerpt --><\/p>\n","protected":false},"author":17,"featured_media":60482,"comment_status":"closed","ping_status":"closed","sticky":false,"template":"","format":"standard","meta":{"_monsterinsights_skip_tracking":false,"_monsterinsights_sitenote_active":false,"_monsterinsights_sitenote_note":"","_monsterinsights_sitenote_category":0,"_uf_show_specific_survey":0,"_uf_disable_surveys":false,"footnotes":""},"categories":[1390,3029],"tags":[196,3057,348,2866,38],"class_list":["post-60481","post","type-post","status-publish","format-standard","has-post-thumbnail","hentry","category-editorias","category-eleicoes-2018","tag-carlos-lupi","tag-corrida-presidencial","tag-eleicoes-2018","tag-katia-abreu","tag-pdt"],"acf":[],"_links":{"self":[{"href":"https:\/\/pdt-rj.org.br\/index.php\/wp-json\/wp\/v2\/posts\/60481","targetHints":{"allow":["GET"]}}],"collection":[{"href":"https:\/\/pdt-rj.org.br\/index.php\/wp-json\/wp\/v2\/posts"}],"about":[{"href":"https:\/\/pdt-rj.org.br\/index.php\/wp-json\/wp\/v2\/types\/post"}],"author":[{"embeddable":true,"href":"https:\/\/pdt-rj.org.br\/index.php\/wp-json\/wp\/v2\/users\/17"}],"replies":[{"embeddable":true,"href":"https:\/\/pdt-rj.org.br\/index.php\/wp-json\/wp\/v2\/comments?post=60481"}],"version-history":[{"count":4,"href":"https:\/\/pdt-rj.org.br\/index.php\/wp-json\/wp\/v2\/posts\/60481\/revisions"}],"predecessor-version":[{"id":60657,"href":"https:\/\/pdt-rj.org.br\/index.php\/wp-json\/wp\/v2\/posts\/60481\/revisions\/60657"}],"wp:featuredmedia":[{"embeddable":true,"href":"https:\/\/pdt-rj.org.br\/index.php\/wp-json\/wp\/v2\/media\/60482"}],"wp:attachment":[{"href":"https:\/\/pdt-rj.org.br\/index.php\/wp-json\/wp\/v2\/media?parent=60481"}],"wp:term":[{"taxonomy":"category","embeddable":true,"href":"https:\/\/pdt-rj.org.br\/index.php\/wp-json\/wp\/v2\/categories?post=60481"},{"taxonomy":"post_tag","embeddable":true,"href":"https:\/\/pdt-rj.org.br\/index.php\/wp-json\/wp\/v2\/tags?post=60481"}],"curies":[{"name":"wp","href":"https:\/\/api.w.org\/{rel}","templated":true}]}}