{"id":60475,"date":"2018-08-03T18:15:04","date_gmt":"2018-08-03T21:15:04","guid":{"rendered":"http:\/\/pdt-rj.org.br\/?p=60475"},"modified":"2018-08-03T18:15:04","modified_gmt":"2018-08-03T21:15:04","slug":"muita-calma-nessa-hora","status":"publish","type":"post","link":"https:\/\/pdt-rj.org.br\/index.php\/muita-calma-nessa-hora\/","title":{"rendered":"Muita calma nessa hora!"},"content":{"rendered":"<p>A pol\u00edtica pode ser um jogo muito cruel e, por isso, desperta muitas paix\u00f5es e \u00f3dios. \u00c9 ela quem revela os extremos da alma humana: a extrema nobreza e, nestes tempos estranhos que vivemos no Brasil, mais ainda, a extrema indignidade.<\/p>\n<p>Escrevo no in\u00edcio da tarde desta sexta-feira, dia 03 de agosto do corrente e cr\u00edtico ano de 2018. Os fatos est\u00e3o correndo de forma t\u00e3o fren\u00e9tica e surpreendente que preciso datar e dizer a hora. At\u00e9 o presente momento ningu\u00e9m do PSB me informou que decis\u00e3o tomaram ou tomar\u00e3o acerca de sua posi\u00e7\u00e3o na sucess\u00e3o presidencial.<\/p>\n<p>Diz a grande imprensa, com certa euforia, que o PSB teria acertado um acordo com a c\u00fapula do PT. N\u00e3o, como seria natural, para apoiar o candidato do PT, mas para me isolar na luta, tirando-me segundos de tempo de TV. Em troca, a burocracia do PT cortaria o pesco\u00e7o de sua jovem candidata a governadora de Pernambuco, Mar\u00edlia Arraes, e o PSB faria o mesmo com o seu candidato a governador em Minas Gerais, Marcio Lacerda.<\/p>\n<p>Minha palavra agora \u00e9 para a milit\u00e2ncia da minha candidatura e para os brasileiros e brasileiras, todos e todas que tem simpatia pela quest\u00e3o nacional, se preocupam com a injusti\u00e7a de nossa sociedade profundamente desigual e todas as express\u00f5es de preconceito e viol\u00eancia que humilham amplas maiorias de nosso povo, mas especialmente as mulheres, os negros e os pobres.<\/p>\n<p>Minha palavra se dirige aos progressistas, todos e todas. Aos que trabalham, por primeiro, e a quem produz.<\/p>\n<p>Muita calma nesta hora!<\/p>\n<p>A viol\u00eancia e o grosseiro equ\u00edvoco desta atitude da c\u00fapula do PT n\u00e3o devem nos retirar a aten\u00e7\u00e3o do que realmente interessa: estas elei\u00e7\u00f5es s\u00e3o a \u00faltima chance, como Pa\u00eds, de salvarmos o Brasil da legitima\u00e7\u00e3o, pelo voto, desta agenda antipobre, antinacional e antidec\u00eancia que nos governa desde que o golpe usurpou o poder atrav\u00e9s de Michel Temer e sua gangue.<\/p>\n<p>Me comprometi, j\u00e1 em meus primeiros movimentos nesta caminhada, a montar um Projeto Nacional de Desenvolvimento. J\u00e1 h\u00e1 duras consequ\u00eancias de minha posi\u00e7\u00e3o e, \u00e9 claro, os grandes interesses da cobi\u00e7a internacional, mancomunada com o baronato escravista que nos domina, est\u00e3o atuando. N\u00e3o sejamos ing\u00eanuos nem muito menos paranoicos. \u00c9 coisa pr\u00e1tica. Alguns exemplos:<\/p>\n<p>1. Desapropriarei, com as devidas indeniza\u00e7\u00f5es, os campos de petr\u00f3leo entregues a pre\u00e7o de banana a multinacionais e a estatais (!) estrangeiras a partir da revoga\u00e7\u00e3o da Lei de Partilha pelos golpistas;<\/p>\n<p>2. Desfarei, se consumada, a criminosa entrega da EMBRAER aos norte-americanos, conforme consequ\u00eancia de carta que enviei \u00e0 BOEING e \u00e0 EMBRAER pedindo que aguardassem a decis\u00e3o popular que se aproxima;<\/p>\n<p>3. Revogarei as aberra\u00e7\u00f5es impostas pela selvagem Reforma Trabalhista (fui vaiado por isso na Confedera\u00e7\u00e3o Nacional da Ind\u00fastria, cujo presidente fez muitos elogios a Jair Bolsonaro);<\/p>\n<p>4. Revogarei a Emenda Constitucional 95, a chamada PEC da morte, que congela os investimentos em sa\u00fade, educa\u00e7\u00e3o, seguran\u00e7a, ci\u00eancia e tecnologia, cultura e infraestrutura POR 20 ANOS!<\/p>\n<p>5. Desfarei o cartel dos bancos que, nos \u00faltimos 15 anos, concentraram, em apenas 5 deles, 85% de todas as opera\u00e7\u00f5es financeiras do Pa\u00eds, impondo ao nosso povo e \u00e0 nossa economia a maior taxa de juros do mundo!<\/p>\n<p>6. Suspenderei ou reverterei, se necess\u00e1rio, a privatiza\u00e7\u00e3o da Eletrobras, que transferiria para o capital estrangeiro o controle do REGIME DE \u00c1GUAS em nosso pa\u00eds;<\/p>\n<p>S\u00e3o apenas um dos poucos exemplos do que est\u00e1 de verdade em jogo nesta hora terrivelmente amea\u00e7adora de nosso pr\u00f3prio futuro como Na\u00e7\u00e3o. \u00c9 ao redor deste conjunto de valores que devemos exercitar a nossa milit\u00e2ncia.<\/p>\n<p>Compreendamos com humildade e paci\u00eancia o p\u00e9ssimo momento que a burocracia do PT est\u00e1 vivendo. J\u00e1 n\u00e3o \u00e9 mais pol\u00edtica, \u00e9 religi\u00e3o, culto \u00e0 personalidade, pragmatismo da c\u00fapula de uma organiza\u00e7\u00e3o que parece n\u00e3o querer aprender mais nada. Calma! Falemos com o povo, acreditemos nele, compreendamos a justa gratid\u00e3o que imensos contingentes de nossa popula\u00e7\u00e3o t\u00eam com Lula. Ele foi um presidente bom para muita gente.<\/p>\n<p>N\u00e3o aceitemos a armadilha de nos empurrarem para o conservadorismo ou para a viola\u00e7\u00e3o de nossos valores, muito menos por alguns &#8211; ainda que preciosos &#8211; segundos de propaganda na TV. Em nenhuma hip\u00f3tese \u00e9 o PT o nosso inimigo!<\/p>\n<p>A c\u00fapula do PT ter\u00e1 de se haver perante a hist\u00f3ria com as consequ\u00eancias de seus atos de agora. Lamentemos, mas nossas baterias devem permanecer apontadas contra a rea\u00e7\u00e3o nazi-fascista ou o neoliberalismo entreguista da turma TEMER, PSDB, PMDB. Estes s\u00e3o os inimigos da P\u00e1tria, estes os traidores da Na\u00e7\u00e3o, estes os comandantes da roubalheira de alto coturno que parte deslumbrada da c\u00fapula petista quis imitar para dar no que deu. \u00c9 contra estes que devemos manter nossa luta, nossas energias e nossos entusiasmo! \u00c9 a favor de uma corrente encantadora de mudan\u00e7as, que devolva a esperan\u00e7a perdida por nosso povo, que devemos nos emocionar!<\/p>\n<p>A viagem lis\u00e9rgica da burocracia do PT tem data para acabar: pretendem enganar a boa gente que adora o Lula, com muitas raz\u00f5es, volto a repetir, de que ele ser\u00e1 candidato. Se fosse, muito provavelmente como fiz ao longo dos \u00faltimos 16 anos, sem faltar nenhum dia, estar\u00edamos juntos. Ali\u00e1s, uma pitadinha de ironia do destino: fui convidado a sair do PSB, onde mantenho grande carinho, respeito e camaradagem, porque discordei de meu saudoso amigo Eduardo Campos para ser correto com o PT&#8230;<\/p>\n<p>N\u00e3o deixar\u00e3o Lula ser candidato! At\u00e9 as pedras do caminho sabem disso! Pior, a burocracia do PT tamb\u00e9m sabe muito bem disso. Ou seja, \u00e9 para bailar \u00e0 beira do abismo que os burocratas do PT convidam a Na\u00e7\u00e3o Brasileira.<\/p>\n<p>Ent\u00e3o fiquemos assim. Se for verdade que Lula ser\u00e1 candidato, conversemos; se n\u00e3o for, por favor, Brasil: muita calma nessa hora! Nosso pa\u00eds n\u00e3o aguentar\u00e1 outra aposta no escuro.<\/p>\n<!-- AddThis Advanced Settings generic via filter on the_content --><!-- AddThis Share Buttons generic via filter on the_content -->","protected":false},"excerpt":{"rendered":"<p>A pol\u00edtica pode ser um jogo muito cruel e, por isso, desperta muitas paix\u00f5es e \u00f3dios. \u00c9 ela quem revela os extremos da alma humana: a extrema nobreza e, nestes tempos estranhos que vivemos no Brasil, mais ainda, a extrema indignidade. Escrevo no in\u00edcio da tarde desta sexta-feira, dia 03 de agosto do corrente e&#8230;<!-- AddThis Advanced Settings generic via filter on wp_trim_excerpt --><!-- AddThis Share Buttons generic via filter on wp_trim_excerpt --><\/p>\n","protected":false},"author":17,"featured_media":60476,"comment_status":"closed","ping_status":"closed","sticky":false,"template":"","format":"standard","meta":{"_monsterinsights_skip_tracking":false,"_monsterinsights_sitenote_active":false,"_monsterinsights_sitenote_note":"","_monsterinsights_sitenote_category":0,"_uf_show_specific_survey":0,"_uf_disable_surveys":false,"footnotes":""},"categories":[1584,1401,976],"tags":[220],"class_list":["post-60475","post","type-post","status-publish","format-standard","has-post-thumbnail","hentry","category-artigos","category-nacional","category-noticias-em-destaque","tag-ciro-gomes"],"acf":[],"_links":{"self":[{"href":"https:\/\/pdt-rj.org.br\/index.php\/wp-json\/wp\/v2\/posts\/60475","targetHints":{"allow":["GET"]}}],"collection":[{"href":"https:\/\/pdt-rj.org.br\/index.php\/wp-json\/wp\/v2\/posts"}],"about":[{"href":"https:\/\/pdt-rj.org.br\/index.php\/wp-json\/wp\/v2\/types\/post"}],"author":[{"embeddable":true,"href":"https:\/\/pdt-rj.org.br\/index.php\/wp-json\/wp\/v2\/users\/17"}],"replies":[{"embeddable":true,"href":"https:\/\/pdt-rj.org.br\/index.php\/wp-json\/wp\/v2\/comments?post=60475"}],"version-history":[{"count":1,"href":"https:\/\/pdt-rj.org.br\/index.php\/wp-json\/wp\/v2\/posts\/60475\/revisions"}],"predecessor-version":[{"id":60477,"href":"https:\/\/pdt-rj.org.br\/index.php\/wp-json\/wp\/v2\/posts\/60475\/revisions\/60477"}],"wp:featuredmedia":[{"embeddable":true,"href":"https:\/\/pdt-rj.org.br\/index.php\/wp-json\/wp\/v2\/media\/60476"}],"wp:attachment":[{"href":"https:\/\/pdt-rj.org.br\/index.php\/wp-json\/wp\/v2\/media?parent=60475"}],"wp:term":[{"taxonomy":"category","embeddable":true,"href":"https:\/\/pdt-rj.org.br\/index.php\/wp-json\/wp\/v2\/categories?post=60475"},{"taxonomy":"post_tag","embeddable":true,"href":"https:\/\/pdt-rj.org.br\/index.php\/wp-json\/wp\/v2\/tags?post=60475"}],"curies":[{"name":"wp","href":"https:\/\/api.w.org\/{rel}","templated":true}]}}