{"id":60447,"date":"2018-08-02T11:21:10","date_gmt":"2018-08-02T14:21:10","guid":{"rendered":"http:\/\/pdt-rj.org.br\/?p=60447"},"modified":"2018-08-08T21:44:54","modified_gmt":"2018-08-09T00:44:54","slug":"de-politica-a-economia-ciro-fala-de-propostas-em-programa-de-tv","status":"publish","type":"post","link":"https:\/\/pdt-rj.org.br\/index.php\/de-politica-a-economia-ciro-fala-de-propostas-em-programa-de-tv\/","title":{"rendered":"De pol\u00edtica \u00e0 economia, Ciro fala de propostas em programa de TV"},"content":{"rendered":"<p>Ciro Gomes foi o entrevistado da GloboNews na noite desta quarta-feira (1\u00ba). O pedetista falou sobre economia, empregos, impostos, educa\u00e7\u00e3o e seguran\u00e7a. A emissora entrevista, nesta semana, os presidenci\u00e1veis que disputam uma vaga ao Pal\u00e1cio do Planalto.<\/p>\n<p>O pedetista foi sabatinado por oito jornalistas, tendo Miriam Leit\u00e3o como mediadora. Boa parte do programa foi centrado em quest\u00f5es pol\u00edticas e logo na abertura, foi questionado sobre o acordo entre o PT-PSB, de neutralidade no primeiro turno.<\/p>\n<p>&#8220;Eu desejo muito o apoio do PSB. Por qu\u00ea? Porque o PSB \u00e9 um partido que tem afinidade hist\u00f3ricas com o trabalhismo e o PDT; \u00e9 um partido que eu integrei. Como n\u00f3s, est\u00e3o preocupados com a degrada\u00e7\u00e3o de uma certa esquerda, mais tradicional no Brasil. No momento em que vos falo, n\u00e3o recebi nenhuma carta confirmando isso. Estou aguardando. Se isso se confirmar, \u00e9 um rev\u00e9s, mas n\u00e3o me abate nem me surpreende&#8221;, disse.<\/p>\n<p>Ap\u00f3s trinta minutos de perguntas onde a maioria se referia \u00e0 coaliz\u00e3o, Ciro tamb\u00e9m teve que responder sobre uma falsa pol\u00eamica criada em torno de uma frase que disse a uma emissora de televis\u00e3o, no sentido de que \u00e9 preciso devolver os poderes da Rep\u00fablica \u00e0s suas devidas caixinhas.<\/p>\n<p>&#8220;Organizar a casa significa restaurar a funcionalidade dos poderes do estado nacional de brasileiro. Voltar para a caixinha \u00e9 uma met\u00e1fora que quer dizer cada um voltar para suas atribui\u00e7\u00f5es institucionais&#8221;, explicou.<\/p>\n<p>Quase no final do primeiro bloco, o tema economia entrou em pauta. Ciro respondeu sobre fundos de pens\u00e3o, aposentadoria, d\u00edvida p\u00fablica. Disse que o Brasil tem hoje um d\u00e9ficit prim\u00e1rio de aproximadamente dois por cento do PIB, al\u00e9m de cobrar &#8220;esmagadora quantia de dinheiro&#8221; de quem produz e trabalha, fazendo a menor taxa de investimento desde 1947 &#8211; a menor da hist\u00f3ria, apontou.<\/p>\n<p>\u201cO mundo inteiro cobra lucro e dividendos empresariais, s\u00f3 o Brasil e a Est\u00f4nia que n\u00e3o cobram. Eu vou propor cobrar&#8221;, disse. &#8220;Vou cortar todas as despesas que eu achar ociosa&#8221;, completou.<\/p>\n<p><strong>Reforma trabalhista &#8211;<\/strong> Entre os temas debatidos, Ciro criticou a reforma trabalhista, a qual chamou de \u201cselvageria\u201d a forma pela qual foi aprovada pelo Congresso Nacional. Disse que se eleito, vai tocar em alguns pontos e que construir\u00e1, junto com popula\u00e7\u00e3o e o setor empresarial, uma nova reforma que fa\u00e7a o Brasil produzir dignamente.<\/p>\n<p>\u201c\u00c9 razo\u00e1vel autorizar, na reforma trabalhista, o patr\u00e3o alocar uma senhora gr\u00e1vida num ambiente insalubre? Eu vou chamar para discutir os pontos que n\u00e3o s\u00e3o razo\u00e1veis\u201d, apontou.<\/p>\n<p>\u201cEssa chamada reforma trabalhista \u00e9 uma selvageria. Temos que modernizar. Agora introduzir o trabalho intermitente est\u00e1 virando na pr\u00e1tica que o que o cidad\u00e3o est\u00e1 trabalhando quinta, sexta e s\u00e1bado para ganhar um sal\u00e1rio m\u00ednimo e est\u00e1 colocando do bolso a contribui\u00e7\u00e3o previdenci\u00e1ria\u201d, ressaltou.<\/p>\n<p>Durante o debate econ\u00f4mico, Ciro citou dados da situa\u00e7\u00e3o do pa\u00eds, dentre os quais, os mais de 60 milh\u00f5es de brasileiros que est\u00e3o com nome no SPC ou Serasa. No primeiro semestre de 2018, o n\u00famero subiu para 63,6 milh\u00f5es de brasileiros com o CPF restrito para fazer compras a prazo ou contratar cr\u00e9dito. Falou sobre a informalidade no pa\u00eds e que j\u00e1 s\u00e3o quase 34 milh\u00f5es trabalhando sem carteira assinada.<\/p>\n<p>Ao final do programa, teve a oportunidade de falar sobre suas aspira\u00e7\u00f5es. \u201cO Brasil que quero \u00e9 o que proteja seus filhos, que tire as crian\u00e7as das ruas. O Brasil tem todas as riquezas. Quero devolver a felicidade ao povo brasileiro\u201d.<\/p>\n<!-- AddThis Advanced Settings generic via filter on the_content --><!-- AddThis Share Buttons generic via filter on the_content -->","protected":false},"excerpt":{"rendered":"<p>Ciro Gomes foi o entrevistado da GloboNews na noite desta quarta-feira (1\u00ba). O pedetista falou sobre economia, empregos, impostos, educa\u00e7\u00e3o e seguran\u00e7a. A emissora entrevista, nesta semana, os presidenci\u00e1veis que disputam uma vaga ao Pal\u00e1cio do Planalto. O pedetista foi sabatinado por oito jornalistas, tendo Miriam Leit\u00e3o como mediadora. Boa parte do programa foi centrado&#8230;<!-- AddThis Advanced Settings generic via filter on wp_trim_excerpt --><!-- AddThis Share Buttons generic via filter on wp_trim_excerpt --><\/p>\n","protected":false},"author":17,"featured_media":60449,"comment_status":"closed","ping_status":"closed","sticky":false,"template":"","format":"standard","meta":{"_monsterinsights_skip_tracking":false,"_monsterinsights_sitenote_active":false,"_monsterinsights_sitenote_note":"","_monsterinsights_sitenote_category":0,"_uf_show_specific_survey":0,"_uf_disable_surveys":false,"footnotes":""},"categories":[1390,1401],"tags":[3053,348,3054],"class_list":["post-60447","post","type-post","status-publish","format-standard","has-post-thumbnail","hentry","category-editorias","category-nacional","tag-ciro-na-globonews","tag-eleicoes-2018","tag-somos-todos-pdt"],"acf":[],"_links":{"self":[{"href":"https:\/\/pdt-rj.org.br\/index.php\/wp-json\/wp\/v2\/posts\/60447","targetHints":{"allow":["GET"]}}],"collection":[{"href":"https:\/\/pdt-rj.org.br\/index.php\/wp-json\/wp\/v2\/posts"}],"about":[{"href":"https:\/\/pdt-rj.org.br\/index.php\/wp-json\/wp\/v2\/types\/post"}],"author":[{"embeddable":true,"href":"https:\/\/pdt-rj.org.br\/index.php\/wp-json\/wp\/v2\/users\/17"}],"replies":[{"embeddable":true,"href":"https:\/\/pdt-rj.org.br\/index.php\/wp-json\/wp\/v2\/comments?post=60447"}],"version-history":[{"count":4,"href":"https:\/\/pdt-rj.org.br\/index.php\/wp-json\/wp\/v2\/posts\/60447\/revisions"}],"predecessor-version":[{"id":60520,"href":"https:\/\/pdt-rj.org.br\/index.php\/wp-json\/wp\/v2\/posts\/60447\/revisions\/60520"}],"wp:featuredmedia":[{"embeddable":true,"href":"https:\/\/pdt-rj.org.br\/index.php\/wp-json\/wp\/v2\/media\/60449"}],"wp:attachment":[{"href":"https:\/\/pdt-rj.org.br\/index.php\/wp-json\/wp\/v2\/media?parent=60447"}],"wp:term":[{"taxonomy":"category","embeddable":true,"href":"https:\/\/pdt-rj.org.br\/index.php\/wp-json\/wp\/v2\/categories?post=60447"},{"taxonomy":"post_tag","embeddable":true,"href":"https:\/\/pdt-rj.org.br\/index.php\/wp-json\/wp\/v2\/tags?post=60447"}],"curies":[{"name":"wp","href":"https:\/\/api.w.org\/{rel}","templated":true}]}}