{"id":60424,"date":"2018-07-30T16:01:44","date_gmt":"2018-07-30T19:01:44","guid":{"rendered":"http:\/\/pdt-rj.org.br\/?p=60424"},"modified":"2018-08-02T11:58:50","modified_gmt":"2018-08-02T14:58:50","slug":"politicos-podem-perder-mandato-por-divulgar-noticias-falsas","status":"publish","type":"post","link":"https:\/\/pdt-rj.org.br\/index.php\/politicos-podem-perder-mandato-por-divulgar-noticias-falsas\/","title":{"rendered":"Pol\u00edticos podem perder mandato por divulgar not\u00edcias falsas"},"content":{"rendered":"<p>O secret\u00e1rio-geral do Tribunal Superior Eleitoral (TSE), Carlos Fraz\u00e3o, afirmou que a lei brasileira permite a cassa\u00e7\u00e3o de mandato ou se for comprovado envolvimento do pol\u00edtico na dissemina\u00e7\u00e3o de informa\u00e7\u00f5es falsas (fake news). Ele participou de semin\u00e1rio organizado em junho pela C\u00e2mara dos Deputados para discutir as boas pr\u00e1ticas e condutas de agentes p\u00fablicos em ano eleitoral.<\/p>\n<p>\u201cA partir do momento que se descubra que o pol\u00edtico contratou servi\u00e7o de produ\u00e7\u00e3o industrial de not\u00edcias fraudulentas, uso de boots, para divulgar esses conte\u00fados, ele pode ser punido. Se ficar devidamente comprovado, nos autos, a exist\u00eancia disso, \u00e9 poss\u00edvel utilizar a Lei Complementar 64\/90 e proceder \u00e0 cassa\u00e7\u00e3o de seu mandato. E a\u00ed consequentemente, nos termos da legisla\u00e7\u00e3o, far-se-\u00e3o novas elei\u00e7\u00f5es\u201d, explicou.<\/p>\n<p>Carlos Fraz\u00e3o informou que o TSE vai fazer o controle de conte\u00fado de informa\u00e7\u00f5es falsas, como j\u00e1 vem fazendo com as not\u00edcias reconhecidamente inver\u00eddicas. Nesse sentido, ele citou a recente decis\u00e3o do ministro do TSE S\u00e9rgio Banhos que determinou a retirada do ar de not\u00edcias apontadas como falsas sobre a presidenci\u00e1vel Marina Silva, da Rede.<\/p>\n<p>J\u00e1 Humberto de Medeiros, vice-procurador-geral Eleitoral do Minist\u00e9rio P\u00fablico Federal, destacou que os candidatos t\u00eam o direito de expor suas opini\u00f5es durante o per\u00edodo pr\u00e9-eleitoral. \u201c\u00c9 poss\u00edvel a propaga\u00e7\u00e3o de atos parlamentares e debates legislativos desde que n\u00e3o se fa\u00e7a a pedido de votos, assim como tamb\u00e9m \u00e9 poss\u00edvel a divulga\u00e7\u00e3o de posicionamento pessoal sobre quest\u00f5es pol\u00edticas, inclusive nas redes sociais\u201d, informou.<\/p>\n<p>O TSE firmou, em junho, um acordo com o Facebook e o Google contra a dissemina\u00e7\u00e3o de not\u00edcias falsas nas pr\u00f3ximas elei\u00e7\u00f5es. No documento, as empresas se comprometem a combater a desinforma\u00e7\u00e3o gerada por terceiros.<\/p>\n<!-- AddThis Advanced Settings generic via filter on the_content --><!-- AddThis Share Buttons generic via filter on the_content -->","protected":false},"excerpt":{"rendered":"<p>O secret\u00e1rio-geral do Tribunal Superior Eleitoral (TSE), Carlos Fraz\u00e3o, afirmou que a lei brasileira permite a cassa\u00e7\u00e3o de mandato ou se for comprovado envolvimento do pol\u00edtico na dissemina\u00e7\u00e3o de informa\u00e7\u00f5es falsas (fake news). Ele participou de semin\u00e1rio organizado em junho pela C\u00e2mara dos Deputados para discutir as boas pr\u00e1ticas e condutas de agentes p\u00fablicos em&#8230;<!-- AddThis Advanced Settings generic via filter on wp_trim_excerpt --><!-- AddThis Share Buttons generic via filter on wp_trim_excerpt --><\/p>\n","protected":false},"author":17,"featured_media":60427,"comment_status":"closed","ping_status":"closed","sticky":false,"template":"","format":"standard","meta":{"_monsterinsights_skip_tracking":false,"_monsterinsights_sitenote_active":false,"_monsterinsights_sitenote_note":"","_monsterinsights_sitenote_category":0,"_uf_show_specific_survey":0,"_uf_disable_surveys":false,"footnotes":""},"categories":[976],"tags":[3052,2878,3051],"class_list":["post-60424","post","type-post","status-publish","format-standard","has-post-thumbnail","hentry","category-noticias-em-destaque","tag-boas-praticas","tag-fake-news","tag-noticias-falsas"],"acf":[],"_links":{"self":[{"href":"https:\/\/pdt-rj.org.br\/index.php\/wp-json\/wp\/v2\/posts\/60424","targetHints":{"allow":["GET"]}}],"collection":[{"href":"https:\/\/pdt-rj.org.br\/index.php\/wp-json\/wp\/v2\/posts"}],"about":[{"href":"https:\/\/pdt-rj.org.br\/index.php\/wp-json\/wp\/v2\/types\/post"}],"author":[{"embeddable":true,"href":"https:\/\/pdt-rj.org.br\/index.php\/wp-json\/wp\/v2\/users\/17"}],"replies":[{"embeddable":true,"href":"https:\/\/pdt-rj.org.br\/index.php\/wp-json\/wp\/v2\/comments?post=60424"}],"version-history":[{"count":4,"href":"https:\/\/pdt-rj.org.br\/index.php\/wp-json\/wp\/v2\/posts\/60424\/revisions"}],"predecessor-version":[{"id":60454,"href":"https:\/\/pdt-rj.org.br\/index.php\/wp-json\/wp\/v2\/posts\/60424\/revisions\/60454"}],"wp:featuredmedia":[{"embeddable":true,"href":"https:\/\/pdt-rj.org.br\/index.php\/wp-json\/wp\/v2\/media\/60427"}],"wp:attachment":[{"href":"https:\/\/pdt-rj.org.br\/index.php\/wp-json\/wp\/v2\/media?parent=60424"}],"wp:term":[{"taxonomy":"category","embeddable":true,"href":"https:\/\/pdt-rj.org.br\/index.php\/wp-json\/wp\/v2\/categories?post=60424"},{"taxonomy":"post_tag","embeddable":true,"href":"https:\/\/pdt-rj.org.br\/index.php\/wp-json\/wp\/v2\/tags?post=60424"}],"curies":[{"name":"wp","href":"https:\/\/api.w.org\/{rel}","templated":true}]}}