{"id":60389,"date":"2018-07-26T18:31:07","date_gmt":"2018-07-26T21:31:07","guid":{"rendered":"http:\/\/pdt-rj.org.br\/?p=60389"},"modified":"2018-07-27T15:18:10","modified_gmt":"2018-07-27T18:18:10","slug":"pdt-de-sao-paulo-declara-em-convencao-apoio-a-candidatura-de-marcio-franca-ao-governo-paulista","status":"publish","type":"post","link":"https:\/\/pdt-rj.org.br\/index.php\/pdt-de-sao-paulo-declara-em-convencao-apoio-a-candidatura-de-marcio-franca-ao-governo-paulista\/","title":{"rendered":"PDT -SP declara apoio \u00e0 candidatura de M\u00e1rcio Fran\u00e7a (PSB)"},"content":{"rendered":"<p>Ciro Gomes e o presidente do PDT, Carlos Lupi, participaram nesta quinta-feira (26), em S\u00e3o Paulo, da conven\u00e7\u00e3o estadual do partido realizada no Audit\u00f3rio Franco Montoro, na Assembleia Legislativa de S\u00e3o Paulo.<\/p>\n<p>A conven\u00e7\u00e3o estadual do PDT oficializou os nomes dos candidatos e candidatas do partido que ir\u00e3o concorrer a deputado federal e estadual. Tamb\u00e9m confirmou apoio \u00e0 candidatura de M\u00e1rcio Fran\u00e7a (PSB) ao governo paulista nas elei\u00e7\u00f5es de 2018. A decis\u00e3o faz com que o PDT abra m\u00e3o de lan\u00e7ar uma candidatura pr\u00f3pria para disputar o governo do estado.<\/p>\n<p>Em um discurso embasado no cen\u00e1rio pol\u00edtico e econ\u00f4mico, Ciro Gomes ressaltou a import\u00e2ncia e o impacto de S\u00e3o Paulo na economia brasileira.<\/p>\n<p>&#8220;Talvez voc\u00eas n\u00e3o saibam o quanto importante \u00e9 para o Brasil o estado de S\u00e3o Paulo. O Brasil fechou treze mil ind\u00fastrias nos \u00faltimos tr\u00eas anos e isso \u00e9 respons\u00e1vel por mais de 1,5 milh\u00e3o de brasileiros que perderam o emprego. E um ter\u00e7o de tudo isso que aconteceu foi em S\u00e3o Paulo. O centro da crise \u00e9 S\u00e3o Paulo\u201d, disse. \u201cEsse estado \u00e9 a cara do Brasil e n\u00f3s precisamos trazer S\u00e3o Paulo de volta a uma estrat\u00e9gia nacional de desenvolvimento&#8221;, concluiu.<\/p>\n<p>O presidenci\u00e1vel Ciro Gomes tamb\u00e9m fez um apelo aos que participavam do ato. Disse que o povo, diante dessa \u201cesmagadora condi\u00e7\u00e3o socioecon\u00f4mica, terr\u00edvel e injusta\u201d, olha para a pol\u00edtica e, ao se deparar com a \u201cnot\u00edcia da roubalheira, do privil\u00e9gio, da mentira\u201d, amarga um grande des\u00e2nimo.<\/p>\n<p>&#8220;A essa popula\u00e7\u00e3o que est\u00e1 empurrada para o des\u00e2nimo, eu fa\u00e7o um apelo: n\u00e3o desista do Brasil. N\u00e3o desanime, d\u00ea uma grande chance a nossa p\u00e1tria. \u00c9 s\u00f3 um momento ruim que com nossa for\u00e7a, n\u00f3s vamos virar&#8221;, disse.<\/p>\n<p>Antes de passar a fala para Ciro, o presidente do partido, Carlos Lupi, lembrou de sua inf\u00e2ncia e que nasceu em Campinas, munic\u00edpio do interior paulista.<\/p>\n<p>&#8220;Ciro, hoje estamos em S\u00e3o Paulo para fazer hist\u00f3ria. Sou filho de jornaleiro e de m\u00e3e costureira, trabalhando desde os treze anos. E voc\u00ea n\u00e3o sabe que orgulho \u00e9 para mim, lembrando de meu avo, de minha av\u00f3, de meu pai, que de S\u00e3o Paulo eu vou poder pegar um paulista e ajud\u00e1-lo a ser presidente para libertar o Brasil&#8221;, disse Lupi, referindo-se Ciro Gomes, que nasceu em Pindamonhangaba, munic\u00edpio da Regi\u00e3o Metropolitana do Vale do Para\u00edba e Litoral Norte, no estado de S\u00e3o Paulo.<\/p>\n<p>Tamb\u00e9m em sua rede social, Carlos Lupi registrou que hoje, na conven\u00e7\u00e3o do PDT em S\u00e3o Paulo, foram homologadas as candidaturas do partido no estado e definido o apoio ao candidato do PSB ao governo, M\u00e1rcio Fran\u00e7a.<\/p>\n<p>\u201cTrabalhamos pela unidade do campo progressista e popular, n\u00e3o s\u00f3 em S\u00e3o Paulo, mas em todo o Brasil\u201d, escreveu o presidente do partido.<\/p>\n<!-- AddThis Advanced Settings generic via filter on the_content --><!-- AddThis Share Buttons generic via filter on the_content -->","protected":false},"excerpt":{"rendered":"<p>Ciro Gomes e o presidente do PDT, Carlos Lupi, participaram nesta quinta-feira (26), em S\u00e3o Paulo, da conven\u00e7\u00e3o estadual do partido realizada no Audit\u00f3rio Franco Montoro, na Assembleia Legislativa de S\u00e3o Paulo. A conven\u00e7\u00e3o estadual do PDT oficializou os nomes dos candidatos e candidatas do partido que ir\u00e3o concorrer a deputado federal e estadual. Tamb\u00e9m&#8230;<!-- AddThis Advanced Settings generic via filter on wp_trim_excerpt --><!-- AddThis Share Buttons generic via filter on wp_trim_excerpt --><\/p>\n","protected":false},"author":17,"featured_media":60403,"comment_status":"closed","ping_status":"closed","sticky":false,"template":"","format":"standard","meta":{"_monsterinsights_skip_tracking":false,"_monsterinsights_sitenote_active":false,"_monsterinsights_sitenote_note":"","_monsterinsights_sitenote_category":0,"_uf_show_specific_survey":0,"_uf_disable_surveys":false,"footnotes":""},"categories":[3029,975],"tags":[196,220,3050,348,38],"class_list":["post-60389","post","type-post","status-publish","format-standard","has-post-thumbnail","hentry","category-eleicoes-2018","category-manchete","tag-carlos-lupi","tag-ciro-gomes","tag-convencao-estadual-sao-paulo","tag-eleicoes-2018","tag-pdt"],"acf":[],"_links":{"self":[{"href":"https:\/\/pdt-rj.org.br\/index.php\/wp-json\/wp\/v2\/posts\/60389","targetHints":{"allow":["GET"]}}],"collection":[{"href":"https:\/\/pdt-rj.org.br\/index.php\/wp-json\/wp\/v2\/posts"}],"about":[{"href":"https:\/\/pdt-rj.org.br\/index.php\/wp-json\/wp\/v2\/types\/post"}],"author":[{"embeddable":true,"href":"https:\/\/pdt-rj.org.br\/index.php\/wp-json\/wp\/v2\/users\/17"}],"replies":[{"embeddable":true,"href":"https:\/\/pdt-rj.org.br\/index.php\/wp-json\/wp\/v2\/comments?post=60389"}],"version-history":[{"count":10,"href":"https:\/\/pdt-rj.org.br\/index.php\/wp-json\/wp\/v2\/posts\/60389\/revisions"}],"predecessor-version":[{"id":60405,"href":"https:\/\/pdt-rj.org.br\/index.php\/wp-json\/wp\/v2\/posts\/60389\/revisions\/60405"}],"wp:featuredmedia":[{"embeddable":true,"href":"https:\/\/pdt-rj.org.br\/index.php\/wp-json\/wp\/v2\/media\/60403"}],"wp:attachment":[{"href":"https:\/\/pdt-rj.org.br\/index.php\/wp-json\/wp\/v2\/media?parent=60389"}],"wp:term":[{"taxonomy":"category","embeddable":true,"href":"https:\/\/pdt-rj.org.br\/index.php\/wp-json\/wp\/v2\/categories?post=60389"},{"taxonomy":"post_tag","embeddable":true,"href":"https:\/\/pdt-rj.org.br\/index.php\/wp-json\/wp\/v2\/tags?post=60389"}],"curies":[{"name":"wp","href":"https:\/\/api.w.org\/{rel}","templated":true}]}}